{"id":269879,"date":"2026-05-03T06:25:52","date_gmt":"2026-05-03T06:25:52","guid":{"rendered":"http:\/\/tarimhaber.com\/?p=269879"},"modified":"2026-05-03T06:25:52","modified_gmt":"2026-05-03T06:25:52","slug":"kuba-devlet-baskani-canelden-trumpa-sert-yanit-hicbir-saldirgan-teslimiyet-bulamayacak","status":"publish","type":"post","link":"https:\/\/tarimhaber.com\/?p=269879","title":{"rendered":"K\u00fcba Devlet Ba\u015fkan\u0131 Canel&apos;den Trump&apos;a Sert Yan\u0131t: &apos;Hi\u00e7bir Sald\u0131rgan Teslimiyet Bulamayacak&apos;"},"content":{"rendered":"<p>K\u00fcba Devlet Ba\u015fkan\u0131 Miguel Diaz Canel, ABD Ba\u015fkan\u0131 Donald Trump&#8217;\u0131n K\u00fcba&#8217;y\u0131 &#8216;k\u0131sa s\u00fcrede y\u00f6netimi devralacaklar\u0131&#8217; y\u00f6n\u00fcndeki a\u00e7\u0131klamas\u0131na tepki g\u00f6stererek, ABD&#8217;nin askeri tehditlerini &#8216;tehlikeli&#8217; ve &#8216;benzeri g\u00f6r\u00fclmemi\u015f&#8217; olarak nitelendirdi. Canel, uluslararas\u0131 topluma \u00e7a\u011fr\u0131 yaparak, hi\u00e7bir sald\u0131rgan\u0131n K\u00fcba&#8217;da teslimiyet bulamayaca\u011f\u0131n\u0131 ve her santim toprak i\u00e7in ba\u011f\u0131ms\u0131zl\u0131\u011f\u0131 savunmaya kararl\u0131 olduklar\u0131n\u0131 vurgulad\u0131.<\/p>\n<p>Kaynak: <a href=\"https:\/\/www.haberler.com\/dunya\/kuba-dan-trump-a-yanit-bagimsizligi-savunmaya-19798655-haberi\/\" target=\"_blank\" class=\"feedzy-rss-link-icon\">Read More<\/a><\/p>","protected":false},"excerpt":{"rendered":"<p>K\u00fcba Devlet Ba\u015fkan\u0131 Miguel Diaz Canel, ABD Ba\u015fkan\u0131 Donald Trump&#8217;\u0131n K\u00fcba&#8217;y\u0131 &#8216;k\u0131sa s\u00fcrede y\u00f6netimi devralacaklar\u0131&#8217; y\u00f6n\u00fcndeki a\u00e7\u0131klamas\u0131na tepki g\u00f6stererek, ABD&#8217;nin askeri tehditlerini &#8216;tehlikeli&#8217; ve &#8216;benzeri g\u00f6r\u00fclmemi\u015f&#8217; olarak nitelendirdi. Canel, uluslararas\u0131&hellip;<\/p>\n","protected":false},"author":0,"featured_media":269880,"comment_status":"open","ping_status":"open","sticky":false,"template":"","format":"standard","meta":{"footnotes":""},"categories":[4200],"tags":[],"class_list":["post-269879","post","type-post","status-publish","format-standard","has-post-thumbnail","hentry","category-guncel-haberler"],"_links":{"self":[{"href":"https:\/\/tarimhaber.com\/index.php?rest_route=\/wp\/v2\/posts\/269879","targetHints":{"allow":["GET"]}}],"collection":[{"href":"https:\/\/tarimhaber.com\/index.php?rest_route=\/wp\/v2\/posts"}],"about":[{"href":"https:\/\/tarimhaber.com\/index.php?rest_route=\/wp\/v2\/types\/post"}],"replies":[{"embeddable":true,"href":"https:\/\/tarimhaber.com\/index.php?rest_route=%2Fwp%2Fv2%2Fcomments&post=269879"}],"version-history":[{"count":0,"href":"https:\/\/tarimhaber.com\/index.php?rest_route=\/wp\/v2\/posts\/269879\/revisions"}],"wp:featuredmedia":[{"embeddable":true,"href":"https:\/\/tarimhaber.com\/index.php?rest_route=\/wp\/v2\/media\/269880"}],"wp:attachment":[{"href":"https:\/\/tarimhaber.com\/index.php?rest_route=%2Fwp%2Fv2%2Fmedia&parent=269879"}],"wp:term":[{"taxonomy":"category","embeddable":true,"href":"https:\/\/tarimhaber.com\/index.php?rest_route=%2Fwp%2Fv2%2Fcategories&post=269879"},{"taxonomy":"post_tag","embeddable":true,"href":"https:\/\/tarimhaber.com\/index.php?rest_route=%2Fwp%2Fv2%2Ftags&post=269879"}],"curies":[{"name":"wp","href":"https:\/\/api.w.org\/{rel}","templated":true}]}}