{"id":269950,"date":"2026-05-03T09:26:24","date_gmt":"2026-05-03T09:26:24","guid":{"rendered":"https:\/\/tarimhaber.com\/?p=269950"},"modified":"2026-05-03T09:26:24","modified_gmt":"2026-05-03T09:26:24","slug":"israil-abdden-iki-yeni-f-35i-ve-f-15i-savas-ucagi-filosu-alacak","status":"publish","type":"post","link":"https:\/\/tarimhaber.com\/?p=269950","title":{"rendered":"\u0130srail, ABD&apos;den iki yeni F-35I ve F-15I sava\u015f u\u00e7a\u011f\u0131 filosu alacak"},"content":{"rendered":"<p>\u0130srail Savunma Bakanl\u0131\u011f\u0131, ABD&#8217;den F-35I ve F-15I&#8217;lerden olu\u015fan iki yeni sava\u015f u\u00e7a\u011f\u0131 filosu al\u0131m\u0131n\u0131 onaylad\u0131\u011f\u0131n\u0131 duyurdu.<\/p>\n<p>Kaynak: <a href=\"https:\/\/www.haberler.com\/guncel\/israil-abd-den-iki-yeni-f-35i-ve-f-15i-savas-ucagi-19799012-haberi\/\" target=\"_blank\" class=\"feedzy-rss-link-icon\">Read More<\/a><\/p>","protected":false},"excerpt":{"rendered":"<p>\u0130srail Savunma Bakanl\u0131\u011f\u0131, ABD&#8217;den F-35I ve F-15I&#8217;lerden olu\u015fan iki yeni sava\u015f u\u00e7a\u011f\u0131 filosu al\u0131m\u0131n\u0131 onaylad\u0131\u011f\u0131n\u0131 duyurdu. Kaynak: Read More<\/p>\n","protected":false},"author":0,"featured_media":0,"comment_status":"open","ping_status":"open","sticky":false,"template":"","format":"standard","meta":{"footnotes":""},"categories":[4200],"tags":[],"class_list":["post-269950","post","type-post","status-publish","format-standard","hentry","category-guncel-haberler"],"_links":{"self":[{"href":"https:\/\/tarimhaber.com\/index.php?rest_route=\/wp\/v2\/posts\/269950","targetHints":{"allow":["GET"]}}],"collection":[{"href":"https:\/\/tarimhaber.com\/index.php?rest_route=\/wp\/v2\/posts"}],"about":[{"href":"https:\/\/tarimhaber.com\/index.php?rest_route=\/wp\/v2\/types\/post"}],"replies":[{"embeddable":true,"href":"https:\/\/tarimhaber.com\/index.php?rest_route=%2Fwp%2Fv2%2Fcomments&post=269950"}],"version-history":[{"count":0,"href":"https:\/\/tarimhaber.com\/index.php?rest_route=\/wp\/v2\/posts\/269950\/revisions"}],"wp:attachment":[{"href":"https:\/\/tarimhaber.com\/index.php?rest_route=%2Fwp%2Fv2%2Fmedia&parent=269950"}],"wp:term":[{"taxonomy":"category","embeddable":true,"href":"https:\/\/tarimhaber.com\/index.php?rest_route=%2Fwp%2Fv2%2Fcategories&post=269950"},{"taxonomy":"post_tag","embeddable":true,"href":"https:\/\/tarimhaber.com\/index.php?rest_route=%2Fwp%2Fv2%2Ftags&post=269950"}],"curies":[{"name":"wp","href":"https:\/\/api.w.org\/{rel}","templated":true}]}}