{"id":269963,"date":"2026-05-03T10:25:55","date_gmt":"2026-05-03T10:25:55","guid":{"rendered":"https:\/\/tarimhaber.com\/?p=269963"},"modified":"2026-05-03T10:25:55","modified_gmt":"2026-05-03T10:25:55","slug":"istanbulda-infial-yaratan-goruntu-86-yasindaki-sapik-gozaltina-alindi","status":"publish","type":"post","link":"https:\/\/tarimhaber.com\/?p=269963","title":{"rendered":"\u0130stanbul&apos;da infial yaratan g\u00f6r\u00fcnt\u00fc! 86 ya\u015f\u0131ndaki sap\u0131k g\u00f6zalt\u0131na al\u0131nd\u0131"},"content":{"rendered":"<p>\u0130stanbul Maltepe\u2019de durakta bir kad\u0131na bakarak kendini tatmin eden \u015fahs\u0131n g\u00f6r\u00fcnt\u00fcleri sosyal medyada b\u00fcy\u00fck tepki \u00e7ekti. Payla\u015f\u0131mlar\u0131n ard\u0131ndan vatanda\u015flar yetkililere &#8220;Bulun bu sap\u0131\u011f\u0131&#8221; \u00e7a\u011fr\u0131s\u0131nda bulundu. G\u00f6r\u00fcnt\u00fcler \u00fczerine harekete ge\u00e7en polis ekipleri, 86 ya\u015f\u0131ndaki \u015f\u00fcpheliyi tespit ederek g\u00f6zalt\u0131na ald\u0131. Olayla ilgili soru\u015fturma s\u00fcr\u00fcyor.<\/p>\n<p>Kaynak: <a href=\"https:\/\/www.haberler.com\/haberler\/istanbulda-infial-yaratan-goruntu-86-yasindaki-19799137-haberi\/\" target=\"_blank\" class=\"feedzy-rss-link-icon\">Read More<\/a><\/p>","protected":false},"excerpt":{"rendered":"<p>\u0130stanbul Maltepe\u2019de durakta bir kad\u0131na bakarak kendini tatmin eden \u015fahs\u0131n g\u00f6r\u00fcnt\u00fcleri sosyal medyada b\u00fcy\u00fck tepki \u00e7ekti. Payla\u015f\u0131mlar\u0131n ard\u0131ndan vatanda\u015flar yetkililere &#8220;Bulun bu sap\u0131\u011f\u0131&#8221; \u00e7a\u011fr\u0131s\u0131nda bulundu. G\u00f6r\u00fcnt\u00fcler \u00fczerine harekete ge\u00e7en polis&hellip;<\/p>\n","protected":false},"author":0,"featured_media":269964,"comment_status":"open","ping_status":"open","sticky":false,"template":"","format":"standard","meta":{"footnotes":""},"categories":[4200],"tags":[],"class_list":["post-269963","post","type-post","status-publish","format-standard","has-post-thumbnail","hentry","category-guncel-haberler"],"_links":{"self":[{"href":"https:\/\/tarimhaber.com\/index.php?rest_route=\/wp\/v2\/posts\/269963","targetHints":{"allow":["GET"]}}],"collection":[{"href":"https:\/\/tarimhaber.com\/index.php?rest_route=\/wp\/v2\/posts"}],"about":[{"href":"https:\/\/tarimhaber.com\/index.php?rest_route=\/wp\/v2\/types\/post"}],"replies":[{"embeddable":true,"href":"https:\/\/tarimhaber.com\/index.php?rest_route=%2Fwp%2Fv2%2Fcomments&post=269963"}],"version-history":[{"count":0,"href":"https:\/\/tarimhaber.com\/index.php?rest_route=\/wp\/v2\/posts\/269963\/revisions"}],"wp:featuredmedia":[{"embeddable":true,"href":"https:\/\/tarimhaber.com\/index.php?rest_route=\/wp\/v2\/media\/269964"}],"wp:attachment":[{"href":"https:\/\/tarimhaber.com\/index.php?rest_route=%2Fwp%2Fv2%2Fmedia&parent=269963"}],"wp:term":[{"taxonomy":"category","embeddable":true,"href":"https:\/\/tarimhaber.com\/index.php?rest_route=%2Fwp%2Fv2%2Fcategories&post=269963"},{"taxonomy":"post_tag","embeddable":true,"href":"https:\/\/tarimhaber.com\/index.php?rest_route=%2Fwp%2Fv2%2Ftags&post=269963"}],"curies":[{"name":"wp","href":"https:\/\/api.w.org\/{rel}","templated":true}]}}