{"id":269965,"date":"2026-05-03T10:25:56","date_gmt":"2026-05-03T10:25:56","guid":{"rendered":"https:\/\/tarimhaber.com\/?p=269965"},"modified":"2026-05-03T10:25:56","modified_gmt":"2026-05-03T10:25:56","slug":"4-ay-once-cig-altinda-kalan-coban-icin-baslatilan-arama-calismalari-2nci-gununde","status":"publish","type":"post","link":"https:\/\/tarimhaber.com\/?p=269965","title":{"rendered":"4 ay \u00f6nce \u00e7\u0131\u011f alt\u0131nda kalan \u00e7oban i\u00e7in ba\u015flat\u0131lan arama \u00e7al\u0131\u015fmalar\u0131 2&apos;nci g\u00fcn\u00fcnde"},"content":{"rendered":"<p>ARTV\u0130N&#8217;in Ardanu\u00e7 il\u00e7esi Aksu Yaylas\u0131&#8217;nda 31 Aral\u0131k 2025&#8217;te, 2 ki\u015finin hayat\u0131n\u0131 kaybetti\u011fi \u00e7\u0131\u011f felaketinde kar alt\u0131nda kalan \u00e7oban B\u00fclent Gezer i\u00e7in yeniden ba\u015flat\u0131lan arama kurtarma \u00e7al\u0131\u015fmalar\u0131 2&#8217;nci g\u00fcn\u00fcnde devam ediyor.<\/p>\n<p>Kaynak: <a href=\"https:\/\/www.haberler.com\/guncel\/4-ay-once-cig-altinda-kalan-coban-icin-baslatilan-19799135-haberi\/\" target=\"_blank\" class=\"feedzy-rss-link-icon\">Read More<\/a><\/p>","protected":false},"excerpt":{"rendered":"<p>ARTV\u0130N&#8217;in Ardanu\u00e7 il\u00e7esi Aksu Yaylas\u0131&#8217;nda 31 Aral\u0131k 2025&#8217;te, 2 ki\u015finin hayat\u0131n\u0131 kaybetti\u011fi \u00e7\u0131\u011f felaketinde kar alt\u0131nda kalan \u00e7oban B\u00fclent Gezer i\u00e7in yeniden ba\u015flat\u0131lan arama kurtarma \u00e7al\u0131\u015fmalar\u0131 2&#8217;nci g\u00fcn\u00fcnde devam ediyor.&hellip;<\/p>\n","protected":false},"author":0,"featured_media":269966,"comment_status":"open","ping_status":"open","sticky":false,"template":"","format":"standard","meta":{"footnotes":""},"categories":[4200],"tags":[],"class_list":["post-269965","post","type-post","status-publish","format-standard","has-post-thumbnail","hentry","category-guncel-haberler"],"_links":{"self":[{"href":"https:\/\/tarimhaber.com\/index.php?rest_route=\/wp\/v2\/posts\/269965","targetHints":{"allow":["GET"]}}],"collection":[{"href":"https:\/\/tarimhaber.com\/index.php?rest_route=\/wp\/v2\/posts"}],"about":[{"href":"https:\/\/tarimhaber.com\/index.php?rest_route=\/wp\/v2\/types\/post"}],"replies":[{"embeddable":true,"href":"https:\/\/tarimhaber.com\/index.php?rest_route=%2Fwp%2Fv2%2Fcomments&post=269965"}],"version-history":[{"count":0,"href":"https:\/\/tarimhaber.com\/index.php?rest_route=\/wp\/v2\/posts\/269965\/revisions"}],"wp:featuredmedia":[{"embeddable":true,"href":"https:\/\/tarimhaber.com\/index.php?rest_route=\/wp\/v2\/media\/269966"}],"wp:attachment":[{"href":"https:\/\/tarimhaber.com\/index.php?rest_route=%2Fwp%2Fv2%2Fmedia&parent=269965"}],"wp:term":[{"taxonomy":"category","embeddable":true,"href":"https:\/\/tarimhaber.com\/index.php?rest_route=%2Fwp%2Fv2%2Fcategories&post=269965"},{"taxonomy":"post_tag","embeddable":true,"href":"https:\/\/tarimhaber.com\/index.php?rest_route=%2Fwp%2Fv2%2Ftags&post=269965"}],"curies":[{"name":"wp","href":"https:\/\/api.w.org\/{rel}","templated":true}]}}