{"id":269967,"date":"2026-05-03T10:25:56","date_gmt":"2026-05-03T10:25:56","guid":{"rendered":"https:\/\/tarimhaber.com\/?p=269967"},"modified":"2026-05-03T10:25:56","modified_gmt":"2026-05-03T10:25:56","slug":"ak-parti-genel-baskan-yardimcisi-buyukgumus-dogu-marmara-bolge-strateji-toplantisinda-konustu-aciklamasi","status":"publish","type":"post","link":"https:\/\/tarimhaber.com\/?p=269967","title":{"rendered":"AK Parti Genel Ba\u015fkan Yard\u0131mc\u0131s\u0131 B\u00fcy\u00fckg\u00fcm\u00fc\u015f, Do\u011fu Marmara B\u00f6lge Strateji Toplant\u0131s\u0131&apos;nda konu\u015ftu A\u00e7\u0131klamas\u0131"},"content":{"rendered":"<p>&#8220;D\u00fcnyan\u0131n i\u00e7inden ge\u00e7ti\u011fi d\u00f6nemde yeni bir e\u015fi\u011fin arifesinde oldu\u011fumuz \u015fu g\u00fcnlerde insanl\u0131k nam\u0131na, adalet nam\u0131na, hak nam\u0131na en \u00f6nemli s\u00f6z\u00fc olan milletlerden biriyiz. Say\u0131n Cumhurba\u015fkan\u0131m\u0131z\u0131n temsil etti\u011fi sadece bir siyasi irade de\u011fil, aziz milletimizin ge\u00e7mi\u015fiyle gelene\u011fiyle, medeniyet birikimiyle t\u00fcm d\u00fcnya mazlumlar\u0131na umut olacak bir siyaseti temsil ediyoruz&#8221;<\/p>\n<p>Kaynak: <a href=\"https:\/\/www.haberler.com\/politika\/ak-parti-genel-baskan-yardimcisi-buyukgumus-dogu-19799130-haberi\/\" target=\"_blank\" class=\"feedzy-rss-link-icon\">Read More<\/a><\/p>","protected":false},"excerpt":{"rendered":"<p>&#8220;D\u00fcnyan\u0131n i\u00e7inden ge\u00e7ti\u011fi d\u00f6nemde yeni bir e\u015fi\u011fin arifesinde oldu\u011fumuz \u015fu g\u00fcnlerde insanl\u0131k nam\u0131na, adalet nam\u0131na, hak nam\u0131na en \u00f6nemli s\u00f6z\u00fc olan milletlerden biriyiz. Say\u0131n Cumhurba\u015fkan\u0131m\u0131z\u0131n temsil etti\u011fi sadece bir siyasi&hellip;<\/p>\n","protected":false},"author":0,"featured_media":269968,"comment_status":"open","ping_status":"open","sticky":false,"template":"","format":"standard","meta":{"footnotes":""},"categories":[4200],"tags":[],"class_list":["post-269967","post","type-post","status-publish","format-standard","has-post-thumbnail","hentry","category-guncel-haberler"],"_links":{"self":[{"href":"https:\/\/tarimhaber.com\/index.php?rest_route=\/wp\/v2\/posts\/269967","targetHints":{"allow":["GET"]}}],"collection":[{"href":"https:\/\/tarimhaber.com\/index.php?rest_route=\/wp\/v2\/posts"}],"about":[{"href":"https:\/\/tarimhaber.com\/index.php?rest_route=\/wp\/v2\/types\/post"}],"replies":[{"embeddable":true,"href":"https:\/\/tarimhaber.com\/index.php?rest_route=%2Fwp%2Fv2%2Fcomments&post=269967"}],"version-history":[{"count":0,"href":"https:\/\/tarimhaber.com\/index.php?rest_route=\/wp\/v2\/posts\/269967\/revisions"}],"wp:featuredmedia":[{"embeddable":true,"href":"https:\/\/tarimhaber.com\/index.php?rest_route=\/wp\/v2\/media\/269968"}],"wp:attachment":[{"href":"https:\/\/tarimhaber.com\/index.php?rest_route=%2Fwp%2Fv2%2Fmedia&parent=269967"}],"wp:term":[{"taxonomy":"category","embeddable":true,"href":"https:\/\/tarimhaber.com\/index.php?rest_route=%2Fwp%2Fv2%2Fcategories&post=269967"},{"taxonomy":"post_tag","embeddable":true,"href":"https:\/\/tarimhaber.com\/index.php?rest_route=%2Fwp%2Fv2%2Ftags&post=269967"}],"curies":[{"name":"wp","href":"https:\/\/api.w.org\/{rel}","templated":true}]}}