{"id":269980,"date":"2026-05-03T10:26:02","date_gmt":"2026-05-03T10:26:02","guid":{"rendered":"https:\/\/tarimhaber.com\/?p=269980"},"modified":"2026-05-03T10:26:02","modified_gmt":"2026-05-03T10:26:02","slug":"evde-cikan-yanginda-4-kardesten-1i-oldu-3u-hastaneye-kaldirildi","status":"publish","type":"post","link":"https:\/\/tarimhaber.com\/?p=269980","title":{"rendered":"Evde \u00e7\u0131kan yang\u0131nda 4 karde\u015ften 1&apos;i \u00f6ld\u00fc, 3&apos;\u00fc hastaneye kald\u0131r\u0131ld\u0131"},"content":{"rendered":"<p>\u0130ZM\u0130R&#8217;in Konak il\u00e7esinde 3 katl\u0131 bir binada elektrikli sobadan \u00e7\u0131kt\u0131\u011f\u0131 de\u011ferlendirilen yang\u0131nda 1,5 ya\u015f\u0131ndaki bir \u00e7ocuk hayat\u0131n\u0131 kaybetti, dumandan etkilenen 3 karde\u015fi ise vatanda\u015flar ve itfaiye ekipleri taraf\u0131ndan kurtar\u0131ld\u0131.<\/p>\n<p>Kaynak: <a href=\"https:\/\/www.haberler.com\/guncel\/evde-cikan-yanginda-4-kardesten-1-i-oldu-3-u-19799122-haberi\/\" target=\"_blank\" class=\"feedzy-rss-link-icon\">Read More<\/a><\/p>","protected":false},"excerpt":{"rendered":"<p>\u0130ZM\u0130R&#8217;in Konak il\u00e7esinde 3 katl\u0131 bir binada elektrikli sobadan \u00e7\u0131kt\u0131\u011f\u0131 de\u011ferlendirilen yang\u0131nda 1,5 ya\u015f\u0131ndaki bir \u00e7ocuk hayat\u0131n\u0131 kaybetti, dumandan etkilenen 3 karde\u015fi ise vatanda\u015flar ve itfaiye ekipleri taraf\u0131ndan kurtar\u0131ld\u0131. Kaynak:&hellip;<\/p>\n","protected":false},"author":0,"featured_media":269981,"comment_status":"open","ping_status":"open","sticky":false,"template":"","format":"standard","meta":{"footnotes":""},"categories":[4200],"tags":[],"class_list":["post-269980","post","type-post","status-publish","format-standard","has-post-thumbnail","hentry","category-guncel-haberler"],"_links":{"self":[{"href":"https:\/\/tarimhaber.com\/index.php?rest_route=\/wp\/v2\/posts\/269980","targetHints":{"allow":["GET"]}}],"collection":[{"href":"https:\/\/tarimhaber.com\/index.php?rest_route=\/wp\/v2\/posts"}],"about":[{"href":"https:\/\/tarimhaber.com\/index.php?rest_route=\/wp\/v2\/types\/post"}],"replies":[{"embeddable":true,"href":"https:\/\/tarimhaber.com\/index.php?rest_route=%2Fwp%2Fv2%2Fcomments&post=269980"}],"version-history":[{"count":0,"href":"https:\/\/tarimhaber.com\/index.php?rest_route=\/wp\/v2\/posts\/269980\/revisions"}],"wp:featuredmedia":[{"embeddable":true,"href":"https:\/\/tarimhaber.com\/index.php?rest_route=\/wp\/v2\/media\/269981"}],"wp:attachment":[{"href":"https:\/\/tarimhaber.com\/index.php?rest_route=%2Fwp%2Fv2%2Fmedia&parent=269980"}],"wp:term":[{"taxonomy":"category","embeddable":true,"href":"https:\/\/tarimhaber.com\/index.php?rest_route=%2Fwp%2Fv2%2Fcategories&post=269980"},{"taxonomy":"post_tag","embeddable":true,"href":"https:\/\/tarimhaber.com\/index.php?rest_route=%2Fwp%2Fv2%2Ftags&post=269980"}],"curies":[{"name":"wp","href":"https:\/\/api.w.org\/{rel}","templated":true}]}}