{"id":270008,"date":"2026-05-03T12:25:22","date_gmt":"2026-05-03T12:25:22","guid":{"rendered":"https:\/\/tarimhaber.com\/?p=270008"},"modified":"2026-05-03T12:25:22","modified_gmt":"2026-05-03T12:25:22","slug":"israilli-bakanin-dogum-gununde-skandal-urgan-pastasi-bazen-hayaller-gercek-olur","status":"publish","type":"post","link":"https:\/\/tarimhaber.com\/?p=270008","title":{"rendered":"\u0130srailli bakan\u0131n do\u011fum g\u00fcn\u00fcnde skandal &quot;urgan&quot; pastas\u0131: Bazen hayaller ger\u00e7ek olur"},"content":{"rendered":"<p>\u0130srail Ulusal G\u00fcvenlik Bakan\u0131 Itamar Ben-Gvir\u2019in 50&#8217;inci ya\u015f g\u00fcn\u00fc kutlamas\u0131nda kullan\u0131lan skandal &#8220;urgan&#8221; temal\u0131 pasta kamuoyunda geni\u015f yank\u0131 uyand\u0131rd\u0131. Pastada yazan &#8220;Bazen hayaller ger\u00e7ek olur&#8221; ifadesi, Filistinlilere y\u00f6nelik idam cezas\u0131n\u0131 \u00f6ng\u00f6ren yasa ile ili\u015fkilendirilerek b\u00fcy\u00fck tepki \u00e7ekti. Skandal olay &#8220;Bakan do\u011fum g\u00fcn\u00fcnde bile daha fazla \u00f6l\u00fcm istiyor&#8221; yorumlar\u0131n\u0131 beraberinde getirdi.<\/p>\n<p>Kaynak: <a href=\"https:\/\/www.haberler.com\/guncel\/israilli-bakanin-dogum-gununde-skandal-urgan-19799375-haberi\/\" target=\"_blank\" class=\"feedzy-rss-link-icon\">Read More<\/a><\/p>","protected":false},"excerpt":{"rendered":"<p>\u0130srail Ulusal G\u00fcvenlik Bakan\u0131 Itamar Ben-Gvir\u2019in 50&#8217;inci ya\u015f g\u00fcn\u00fc kutlamas\u0131nda kullan\u0131lan skandal &#8220;urgan&#8221; temal\u0131 pasta kamuoyunda geni\u015f yank\u0131 uyand\u0131rd\u0131. Pastada yazan &#8220;Bazen hayaller ger\u00e7ek olur&#8221; ifadesi, Filistinlilere y\u00f6nelik idam cezas\u0131n\u0131&hellip;<\/p>\n","protected":false},"author":0,"featured_media":270009,"comment_status":"open","ping_status":"open","sticky":false,"template":"","format":"standard","meta":{"footnotes":""},"categories":[4200],"tags":[],"class_list":["post-270008","post","type-post","status-publish","format-standard","has-post-thumbnail","hentry","category-guncel-haberler"],"_links":{"self":[{"href":"https:\/\/tarimhaber.com\/index.php?rest_route=\/wp\/v2\/posts\/270008","targetHints":{"allow":["GET"]}}],"collection":[{"href":"https:\/\/tarimhaber.com\/index.php?rest_route=\/wp\/v2\/posts"}],"about":[{"href":"https:\/\/tarimhaber.com\/index.php?rest_route=\/wp\/v2\/types\/post"}],"replies":[{"embeddable":true,"href":"https:\/\/tarimhaber.com\/index.php?rest_route=%2Fwp%2Fv2%2Fcomments&post=270008"}],"version-history":[{"count":0,"href":"https:\/\/tarimhaber.com\/index.php?rest_route=\/wp\/v2\/posts\/270008\/revisions"}],"wp:featuredmedia":[{"embeddable":true,"href":"https:\/\/tarimhaber.com\/index.php?rest_route=\/wp\/v2\/media\/270009"}],"wp:attachment":[{"href":"https:\/\/tarimhaber.com\/index.php?rest_route=%2Fwp%2Fv2%2Fmedia&parent=270008"}],"wp:term":[{"taxonomy":"category","embeddable":true,"href":"https:\/\/tarimhaber.com\/index.php?rest_route=%2Fwp%2Fv2%2Fcategories&post=270008"},{"taxonomy":"post_tag","embeddable":true,"href":"https:\/\/tarimhaber.com\/index.php?rest_route=%2Fwp%2Fv2%2Ftags&post=270008"}],"curies":[{"name":"wp","href":"https:\/\/api.w.org\/{rel}","templated":true}]}}