{"id":270012,"date":"2026-05-03T12:25:25","date_gmt":"2026-05-03T12:25:25","guid":{"rendered":"https:\/\/tarimhaber.com\/?p=270012"},"modified":"2026-05-03T12:25:25","modified_gmt":"2026-05-03T12:25:25","slug":"son-depremler-3-mayis-deprem-mi-oldu-ne-zaman-kac-buyuklugunde-oldu","status":"publish","type":"post","link":"https:\/\/tarimhaber.com\/?p=270012","title":{"rendered":"SON DEPREMLER! 3 May\u0131s deprem mi oldu, ne zaman, ka\u00e7 b\u00fcy\u00fckl\u00fc\u011f\u00fcnde oldu?"},"content":{"rendered":"<p>T\u00fcrkiye genelinde 3 May\u0131s sabah saatlerinde farkl\u0131 b\u00f6lgelerden gelen k\u0131sa s\u00fcreli sars\u0131nt\u0131 bildirimleri, bir\u00e7ok \u015fehirde tedirginli\u011fe yol a\u00e7t\u0131. G\u00fcn\u00fcn erken saatlerinde hissedilen bu hareketlilik sonras\u0131 \u201cDeprem mi oldu?\u201d sorusu k\u0131sa s\u00fcrede g\u00fcndemin en \u00e7ok aranan ba\u015fl\u0131klar\u0131 aras\u0131na girdi. Peki, 3 May\u0131s deprem mi oldu, ne zaman, ka\u00e7 b\u00fcy\u00fckl\u00fc\u011f\u00fcnde oldu?<\/p>\n<p>Kaynak: <a href=\"https:\/\/www.haberler.com\/haber\/son-depremler-3-mayis-deprem-mi-oldu-ne-zaman-kac-19799365-haberi\/\" target=\"_blank\" class=\"feedzy-rss-link-icon\">Read More<\/a><\/p>","protected":false},"excerpt":{"rendered":"<p>T\u00fcrkiye genelinde 3 May\u0131s sabah saatlerinde farkl\u0131 b\u00f6lgelerden gelen k\u0131sa s\u00fcreli sars\u0131nt\u0131 bildirimleri, bir\u00e7ok \u015fehirde tedirginli\u011fe yol a\u00e7t\u0131. G\u00fcn\u00fcn erken saatlerinde hissedilen bu hareketlilik sonras\u0131 \u201cDeprem mi oldu?\u201d sorusu k\u0131sa&hellip;<\/p>\n","protected":false},"author":0,"featured_media":270013,"comment_status":"open","ping_status":"open","sticky":false,"template":"","format":"standard","meta":{"footnotes":""},"categories":[4200],"tags":[],"class_list":["post-270012","post","type-post","status-publish","format-standard","has-post-thumbnail","hentry","category-guncel-haberler"],"_links":{"self":[{"href":"https:\/\/tarimhaber.com\/index.php?rest_route=\/wp\/v2\/posts\/270012","targetHints":{"allow":["GET"]}}],"collection":[{"href":"https:\/\/tarimhaber.com\/index.php?rest_route=\/wp\/v2\/posts"}],"about":[{"href":"https:\/\/tarimhaber.com\/index.php?rest_route=\/wp\/v2\/types\/post"}],"replies":[{"embeddable":true,"href":"https:\/\/tarimhaber.com\/index.php?rest_route=%2Fwp%2Fv2%2Fcomments&post=270012"}],"version-history":[{"count":0,"href":"https:\/\/tarimhaber.com\/index.php?rest_route=\/wp\/v2\/posts\/270012\/revisions"}],"wp:featuredmedia":[{"embeddable":true,"href":"https:\/\/tarimhaber.com\/index.php?rest_route=\/wp\/v2\/media\/270013"}],"wp:attachment":[{"href":"https:\/\/tarimhaber.com\/index.php?rest_route=%2Fwp%2Fv2%2Fmedia&parent=270012"}],"wp:term":[{"taxonomy":"category","embeddable":true,"href":"https:\/\/tarimhaber.com\/index.php?rest_route=%2Fwp%2Fv2%2Fcategories&post=270012"},{"taxonomy":"post_tag","embeddable":true,"href":"https:\/\/tarimhaber.com\/index.php?rest_route=%2Fwp%2Fv2%2Ftags&post=270012"}],"curies":[{"name":"wp","href":"https:\/\/api.w.org\/{rel}","templated":true}]}}