{"id":270024,"date":"2026-05-03T12:25:32","date_gmt":"2026-05-03T12:25:32","guid":{"rendered":"https:\/\/tarimhaber.com\/?p=270024"},"modified":"2026-05-03T12:25:32","modified_gmt":"2026-05-03T12:25:32","slug":"istanbulda-deprem-mi-oldu-son-dakika-3-mayis-istanbulda-az-once-nerede-deprem-oldu","status":"publish","type":"post","link":"https:\/\/tarimhaber.com\/?p=270024","title":{"rendered":"\u0130stanbul&apos;da deprem mi oldu? SON DAK\u0130KA! 3 May\u0131s \u0130stanbul&apos;da az \u00f6nce nerede deprem oldu?"},"content":{"rendered":"<p>\u0130stanbul\u2019da bu sabah saatlerinde hissedilen sars\u0131nt\u0131, kent genelinde k\u0131sa s\u00fcreli bir panik havas\u0131 yaratt\u0131. Vatanda\u015flar, \u201cDeprem mi oldu?\u201d ve \u201cMerkez \u00fcss\u00fc neresi?\u201d sorular\u0131 ile sosyal medyada h\u0131zla ara\u015ft\u0131rma yapmaya ba\u015flad\u0131. \u00d6zellikle Marmara Denizi \u00e7evresinde hissedilen hareketlilik, dikkatleri \u00fczerine toplad\u0131. Peki, \u0130stanbul&#8217;da deprem mi oldu? 3 May\u0131s \u0130stanbul&#8217;da az \u00f6nce nerede deprem oldu?<\/p>\n<p>Kaynak: <a href=\"https:\/\/www.haberler.com\/haber\/istanbulda-deprem-mi-oldu-son-dakika-3-mayis-19799353-haberi\/\" target=\"_blank\" class=\"feedzy-rss-link-icon\">Read More<\/a><\/p>","protected":false},"excerpt":{"rendered":"<p>\u0130stanbul\u2019da bu sabah saatlerinde hissedilen sars\u0131nt\u0131, kent genelinde k\u0131sa s\u00fcreli bir panik havas\u0131 yaratt\u0131. Vatanda\u015flar, \u201cDeprem mi oldu?\u201d ve \u201cMerkez \u00fcss\u00fc neresi?\u201d sorular\u0131 ile sosyal medyada h\u0131zla ara\u015ft\u0131rma yapmaya ba\u015flad\u0131.&hellip;<\/p>\n","protected":false},"author":0,"featured_media":270025,"comment_status":"open","ping_status":"open","sticky":false,"template":"","format":"standard","meta":{"footnotes":""},"categories":[4200],"tags":[],"class_list":["post-270024","post","type-post","status-publish","format-standard","has-post-thumbnail","hentry","category-guncel-haberler"],"_links":{"self":[{"href":"https:\/\/tarimhaber.com\/index.php?rest_route=\/wp\/v2\/posts\/270024","targetHints":{"allow":["GET"]}}],"collection":[{"href":"https:\/\/tarimhaber.com\/index.php?rest_route=\/wp\/v2\/posts"}],"about":[{"href":"https:\/\/tarimhaber.com\/index.php?rest_route=\/wp\/v2\/types\/post"}],"replies":[{"embeddable":true,"href":"https:\/\/tarimhaber.com\/index.php?rest_route=%2Fwp%2Fv2%2Fcomments&post=270024"}],"version-history":[{"count":0,"href":"https:\/\/tarimhaber.com\/index.php?rest_route=\/wp\/v2\/posts\/270024\/revisions"}],"wp:featuredmedia":[{"embeddable":true,"href":"https:\/\/tarimhaber.com\/index.php?rest_route=\/wp\/v2\/media\/270025"}],"wp:attachment":[{"href":"https:\/\/tarimhaber.com\/index.php?rest_route=%2Fwp%2Fv2%2Fmedia&parent=270024"}],"wp:term":[{"taxonomy":"category","embeddable":true,"href":"https:\/\/tarimhaber.com\/index.php?rest_route=%2Fwp%2Fv2%2Fcategories&post=270024"},{"taxonomy":"post_tag","embeddable":true,"href":"https:\/\/tarimhaber.com\/index.php?rest_route=%2Fwp%2Fv2%2Ftags&post=270024"}],"curies":[{"name":"wp","href":"https:\/\/api.w.org\/{rel}","templated":true}]}}