{"id":270068,"date":"2026-05-03T14:25:57","date_gmt":"2026-05-03T14:25:57","guid":{"rendered":"http:\/\/tarimhaber.com\/?p=270068"},"modified":"2026-05-03T14:25:57","modified_gmt":"2026-05-03T14:25:57","slug":"istanbul-bogazinda-arizalanan-gemi-nedeniyle-deniz-trafigi-gecici-askiya-alindi","status":"publish","type":"post","link":"https:\/\/tarimhaber.com\/?p=270068","title":{"rendered":"\u0130stanbul Bo\u011faz\u0131&apos;nda ar\u0131zalanan gemi nedeniyle deniz trafi\u011fi ge\u00e7ici ask\u0131ya al\u0131nd\u0131"},"content":{"rendered":"<p>Be\u015fikta\u015f&#8217;ta, makine ar\u0131zas\u0131 yapan kuru y\u00fck gemisi nedeniyle \u0130stanbul Bo\u011faz\u0131&#8217;ndaki gemi trafi\u011finin \u00e7ift y\u00f6nl\u00fc ve ge\u00e7ici olarak ask\u0131ya al\u0131nd\u0131\u011f\u0131 bildirildi.<\/p>\n<p>Kaynak: <a href=\"https:\/\/www.haberler.com\/guncel\/istanbul-bogazi-nda-arizalanan-gemi-nedeniyle-19799527-haberi\/\" target=\"_blank\" class=\"feedzy-rss-link-icon\">Read More<\/a><\/p>","protected":false},"excerpt":{"rendered":"<p>Be\u015fikta\u015f&#8217;ta, makine ar\u0131zas\u0131 yapan kuru y\u00fck gemisi nedeniyle \u0130stanbul Bo\u011faz\u0131&#8217;ndaki gemi trafi\u011finin \u00e7ift y\u00f6nl\u00fc ve ge\u00e7ici olarak ask\u0131ya al\u0131nd\u0131\u011f\u0131 bildirildi. Kaynak: Read More<\/p>\n","protected":false},"author":0,"featured_media":0,"comment_status":"open","ping_status":"open","sticky":false,"template":"","format":"standard","meta":{"footnotes":""},"categories":[4200],"tags":[],"class_list":["post-270068","post","type-post","status-publish","format-standard","hentry","category-guncel-haberler"],"_links":{"self":[{"href":"https:\/\/tarimhaber.com\/index.php?rest_route=\/wp\/v2\/posts\/270068","targetHints":{"allow":["GET"]}}],"collection":[{"href":"https:\/\/tarimhaber.com\/index.php?rest_route=\/wp\/v2\/posts"}],"about":[{"href":"https:\/\/tarimhaber.com\/index.php?rest_route=\/wp\/v2\/types\/post"}],"replies":[{"embeddable":true,"href":"https:\/\/tarimhaber.com\/index.php?rest_route=%2Fwp%2Fv2%2Fcomments&post=270068"}],"version-history":[{"count":0,"href":"https:\/\/tarimhaber.com\/index.php?rest_route=\/wp\/v2\/posts\/270068\/revisions"}],"wp:attachment":[{"href":"https:\/\/tarimhaber.com\/index.php?rest_route=%2Fwp%2Fv2%2Fmedia&parent=270068"}],"wp:term":[{"taxonomy":"category","embeddable":true,"href":"https:\/\/tarimhaber.com\/index.php?rest_route=%2Fwp%2Fv2%2Fcategories&post=270068"},{"taxonomy":"post_tag","embeddable":true,"href":"https:\/\/tarimhaber.com\/index.php?rest_route=%2Fwp%2Fv2%2Ftags&post=270068"}],"curies":[{"name":"wp","href":"https:\/\/api.w.org\/{rel}","templated":true}]}}