{"id":295022,"date":"2026-08-30T11:25:28","date_gmt":"2026-08-30T11:25:28","guid":{"rendered":"http:\/\/tarimhaber.com\/?p=295022"},"modified":"2026-08-30T11:25:28","modified_gmt":"2026-08-30T11:25:28","slug":"ogretmen-ciftciden-bagda-surpriz-dogum-gunu","status":"publish","type":"post","link":"https:\/\/tarimhaber.com\/?p=295022","title":{"rendered":"\u00d6\u011fretmen \u00c7ift\u00e7iden Ba\u011fda S\u00fcrpriz Do\u011fum G\u00fcn\u00fc"},"content":{"rendered":"<p>Manisa&#8217;n\u0131n Sar\u0131g\u00f6l il\u00e7esinde hem \u00f6\u011fretmenlik hem \u00e7ift\u00e7ilik yapan Fahri Sar\u0131ta\u015f, \u00fcz\u00fcm ba\u011f\u0131nda birlikte \u00e7al\u0131\u015ft\u0131\u011f\u0131 i\u015f\u00e7isinin do\u011fum g\u00fcn\u00fcn\u00fc unutmad\u0131. Mesai s\u0131ras\u0131nda ba\u011fa getirilen pasta ile yap\u0131lan s\u00fcrpriz kutlama, hem i\u015f\u00e7iyi hem de di\u011fer tar\u0131m emek\u00e7ilerini mutlu etti. Sar\u0131ta\u015f, &#8216;Ayn\u0131 sofraya, ayn\u0131 ekme\u011fe emek veriyoruz&#8217; diyerek bu anlaml\u0131 jestin \u00f6nemini vurgulad\u0131.<\/p>\n<p>Kaynak: <a href=\"https:\/\/www.haberler.com\/yerel\/manisa-da-ciftciden-tarim-iscisine-uzum-baginda-20189925-haberi\/\" target=\"_blank\" class=\"feedzy-rss-link-icon\">Read More<\/a><\/p>","protected":false},"excerpt":{"rendered":"<p>Manisa&#8217;n\u0131n Sar\u0131g\u00f6l il\u00e7esinde hem \u00f6\u011fretmenlik hem \u00e7ift\u00e7ilik yapan Fahri Sar\u0131ta\u015f, \u00fcz\u00fcm ba\u011f\u0131nda birlikte \u00e7al\u0131\u015ft\u0131\u011f\u0131 i\u015f\u00e7isinin do\u011fum g\u00fcn\u00fcn\u00fc unutmad\u0131. Mesai s\u0131ras\u0131nda ba\u011fa getirilen pasta ile yap\u0131lan s\u00fcrpriz kutlama, hem i\u015f\u00e7iyi hem&hellip;<\/p>\n","protected":false},"author":0,"featured_media":295023,"comment_status":"open","ping_status":"open","sticky":false,"template":"","format":"standard","meta":{"footnotes":""},"categories":[4200],"tags":[],"class_list":["post-295022","post","type-post","status-publish","format-standard","has-post-thumbnail","hentry","category-guncel-haberler"],"_links":{"self":[{"href":"https:\/\/tarimhaber.com\/index.php?rest_route=\/wp\/v2\/posts\/295022","targetHints":{"allow":["GET"]}}],"collection":[{"href":"https:\/\/tarimhaber.com\/index.php?rest_route=\/wp\/v2\/posts"}],"about":[{"href":"https:\/\/tarimhaber.com\/index.php?rest_route=\/wp\/v2\/types\/post"}],"replies":[{"embeddable":true,"href":"https:\/\/tarimhaber.com\/index.php?rest_route=%2Fwp%2Fv2%2Fcomments&post=295022"}],"version-history":[{"count":0,"href":"https:\/\/tarimhaber.com\/index.php?rest_route=\/wp\/v2\/posts\/295022\/revisions"}],"wp:featuredmedia":[{"embeddable":true,"href":"https:\/\/tarimhaber.com\/index.php?rest_route=\/wp\/v2\/media\/295023"}],"wp:attachment":[{"href":"https:\/\/tarimhaber.com\/index.php?rest_route=%2Fwp%2Fv2%2Fmedia&parent=295022"}],"wp:term":[{"taxonomy":"category","embeddable":true,"href":"https:\/\/tarimhaber.com\/index.php?rest_route=%2Fwp%2Fv2%2Fcategories&post=295022"},{"taxonomy":"post_tag","embeddable":true,"href":"https:\/\/tarimhaber.com\/index.php?rest_route=%2Fwp%2Fv2%2Ftags&post=295022"}],"curies":[{"name":"wp","href":"https:\/\/api.w.org\/{rel}","templated":true}]}}