{"id":295154,"date":"2026-08-31T07:26:06","date_gmt":"2026-08-31T07:26:06","guid":{"rendered":"https:\/\/tarimhaber.com\/?p=295154"},"modified":"2026-08-31T07:26:06","modified_gmt":"2026-08-31T07:26:06","slug":"patnos-icme-suyu-aritma-tesisinde-yuzde-75-fiziki-gerceklesme-saglandi","status":"publish","type":"post","link":"https:\/\/tarimhaber.com\/?p=295154","title":{"rendered":"Patnos \u0130\u00e7me Suyu Ar\u0131tma Tesisi&apos;nde y\u00fczde 75 fiziki ger\u00e7ekle\u015fme sa\u011fland\u0131"},"content":{"rendered":"<p>DS\u0130 8. B\u00f6lge M\u00fcd\u00fcrl\u00fc\u011f\u00fc taraf\u0131ndan A\u011fr\u0131&#8217;n\u0131n Patnos il\u00e7esinde yap\u0131m\u0131 s\u00fcren \u0130\u00e7me Suyu Ar\u0131tma Tesisi&#8217;nde fiziki ger\u00e7ekle\u015fme y\u00fczde 75&#8217;e ula\u015ft\u0131. G\u00fcnl\u00fck 40 bin metrek\u00fcp kapasiteli tesis, tamamland\u0131\u011f\u0131nda y\u0131lda 10 milyon metrek\u00fcp memba kalitesinde i\u00e7me suyu sa\u011flayacak. DS\u0130 Genel M\u00fcd\u00fcr\u00fc Mehmet Akif Balta, kalan imalatlar\u0131n 2026 i\u00e7inde bitirilerek tesisin hizmete al\u0131naca\u011f\u0131n\u0131 a\u00e7\u0131klad\u0131.<\/p>\n<p>Kaynak: <a href=\"https:\/\/www.haberler.com\/haberler\/agri-nin-patnos-ilcesinde-su-aritma-tesisi-yapimi-20191974-haberi\/\" target=\"_blank\" class=\"feedzy-rss-link-icon\">Read More<\/a><\/p>","protected":false},"excerpt":{"rendered":"<p>DS\u0130 8. B\u00f6lge M\u00fcd\u00fcrl\u00fc\u011f\u00fc taraf\u0131ndan A\u011fr\u0131&#8217;n\u0131n Patnos il\u00e7esinde yap\u0131m\u0131 s\u00fcren \u0130\u00e7me Suyu Ar\u0131tma Tesisi&#8217;nde fiziki ger\u00e7ekle\u015fme y\u00fczde 75&#8217;e ula\u015ft\u0131. G\u00fcnl\u00fck 40 bin metrek\u00fcp kapasiteli tesis, tamamland\u0131\u011f\u0131nda y\u0131lda 10 milyon metrek\u00fcp&hellip;<\/p>\n","protected":false},"author":0,"featured_media":295155,"comment_status":"open","ping_status":"open","sticky":false,"template":"","format":"standard","meta":{"footnotes":""},"categories":[4200],"tags":[],"class_list":["post-295154","post","type-post","status-publish","format-standard","has-post-thumbnail","hentry","category-guncel-haberler"],"_links":{"self":[{"href":"https:\/\/tarimhaber.com\/index.php?rest_route=\/wp\/v2\/posts\/295154","targetHints":{"allow":["GET"]}}],"collection":[{"href":"https:\/\/tarimhaber.com\/index.php?rest_route=\/wp\/v2\/posts"}],"about":[{"href":"https:\/\/tarimhaber.com\/index.php?rest_route=\/wp\/v2\/types\/post"}],"replies":[{"embeddable":true,"href":"https:\/\/tarimhaber.com\/index.php?rest_route=%2Fwp%2Fv2%2Fcomments&post=295154"}],"version-history":[{"count":0,"href":"https:\/\/tarimhaber.com\/index.php?rest_route=\/wp\/v2\/posts\/295154\/revisions"}],"wp:featuredmedia":[{"embeddable":true,"href":"https:\/\/tarimhaber.com\/index.php?rest_route=\/wp\/v2\/media\/295155"}],"wp:attachment":[{"href":"https:\/\/tarimhaber.com\/index.php?rest_route=%2Fwp%2Fv2%2Fmedia&parent=295154"}],"wp:term":[{"taxonomy":"category","embeddable":true,"href":"https:\/\/tarimhaber.com\/index.php?rest_route=%2Fwp%2Fv2%2Fcategories&post=295154"},{"taxonomy":"post_tag","embeddable":true,"href":"https:\/\/tarimhaber.com\/index.php?rest_route=%2Fwp%2Fv2%2Ftags&post=295154"}],"curies":[{"name":"wp","href":"https:\/\/api.w.org\/{rel}","templated":true}]}}