{"id":295181,"date":"2026-08-31T10:26:06","date_gmt":"2026-08-31T10:26:06","guid":{"rendered":"https:\/\/tarimhaber.com\/?p=295181"},"modified":"2026-08-31T10:26:06","modified_gmt":"2026-08-31T10:26:06","slug":"hakan-altuna-sahnede-ceyiz-sandigi-hediyesi","status":"publish","type":"post","link":"https:\/\/tarimhaber.com\/?p=295181","title":{"rendered":"Hakan Altun&apos;a sahnede \u00e7eyiz sand\u0131\u011f\u0131 hediyesi"},"content":{"rendered":"<p>\u015eark\u0131c\u0131 Hakan Altun\u2019a sahnede \u2018\u00e7eyiz sand\u0131\u011f\u0131\u2019 hediye edildiED\u0130RNE\u2019nin \u0130psala il\u00e7esinde bu y\u0131l 25\u2019incisi d\u00fczenlenen Tar\u0131m ve \u00c7eltik Festivali&#8217;nde sahneye \u00e7\u0131kan \u015fark\u0131c\u0131 Hakan Altun&#8217;a konser sonunda \u00e7eyiz sand\u0131\u011f\u0131 hediye edildi.<\/p>\n<p>Kaynak: <a href=\"https:\/\/www.haberler.com\/guncel\/edirne-sarkici-hakan-altun-a-sahnede-ceyiz-sandigi-20192740-haberi\/\" target=\"_blank\" class=\"feedzy-rss-link-icon\">Read More<\/a><\/p>","protected":false},"excerpt":{"rendered":"<p>\u015eark\u0131c\u0131 Hakan Altun\u2019a sahnede \u2018\u00e7eyiz sand\u0131\u011f\u0131\u2019 hediye edildiED\u0130RNE\u2019nin \u0130psala il\u00e7esinde bu y\u0131l 25\u2019incisi d\u00fczenlenen Tar\u0131m ve \u00c7eltik Festivali&#8217;nde sahneye \u00e7\u0131kan \u015fark\u0131c\u0131 Hakan Altun&#8217;a konser sonunda \u00e7eyiz sand\u0131\u011f\u0131 hediye edildi. Kaynak:&hellip;<\/p>\n","protected":false},"author":0,"featured_media":0,"comment_status":"open","ping_status":"open","sticky":false,"template":"","format":"standard","meta":{"footnotes":""},"categories":[4200],"tags":[],"class_list":["post-295181","post","type-post","status-publish","format-standard","hentry","category-guncel-haberler"],"_links":{"self":[{"href":"https:\/\/tarimhaber.com\/index.php?rest_route=\/wp\/v2\/posts\/295181","targetHints":{"allow":["GET"]}}],"collection":[{"href":"https:\/\/tarimhaber.com\/index.php?rest_route=\/wp\/v2\/posts"}],"about":[{"href":"https:\/\/tarimhaber.com\/index.php?rest_route=\/wp\/v2\/types\/post"}],"replies":[{"embeddable":true,"href":"https:\/\/tarimhaber.com\/index.php?rest_route=%2Fwp%2Fv2%2Fcomments&post=295181"}],"version-history":[{"count":0,"href":"https:\/\/tarimhaber.com\/index.php?rest_route=\/wp\/v2\/posts\/295181\/revisions"}],"wp:attachment":[{"href":"https:\/\/tarimhaber.com\/index.php?rest_route=%2Fwp%2Fv2%2Fmedia&parent=295181"}],"wp:term":[{"taxonomy":"category","embeddable":true,"href":"https:\/\/tarimhaber.com\/index.php?rest_route=%2Fwp%2Fv2%2Fcategories&post=295181"},{"taxonomy":"post_tag","embeddable":true,"href":"https:\/\/tarimhaber.com\/index.php?rest_route=%2Fwp%2Fv2%2Ftags&post=295181"}],"curies":[{"name":"wp","href":"https:\/\/api.w.org\/{rel}","templated":true}]}}