{"id":295313,"date":"2026-09-01T06:25:58","date_gmt":"2026-09-01T06:25:58","guid":{"rendered":"http:\/\/tarimhaber.com\/?p=295313"},"modified":"2026-09-01T06:25:58","modified_gmt":"2026-09-01T06:25:58","slug":"2-bin-ic-camasiri-topraga-gomuldu-sebebi-sasirtti","status":"publish","type":"post","link":"https:\/\/tarimhaber.com\/?p=295313","title":{"rendered":"2 bin i\u00e7 \u00e7ama\u015f\u0131r\u0131 topra\u011fa g\u00f6m\u00fcld\u00fc! Sebebi \u015fa\u015f\u0131rtt\u0131"},"content":{"rendered":"<p>\u0130svi\u00e7re\u2019de bilim insanlar\u0131, topra\u011f\u0131n biyolojik aktivitesini \u00f6l\u00e7mek i\u00e7in \u00fclke genelinde 2 binden fazla pamuklu i\u00e7 \u00e7ama\u015f\u0131r\u0131n\u0131 topra\u011fa g\u00f6merek iki ay bekledi. Baz\u0131 \u00e7ama\u015f\u0131rlar neredeyse tamamen par\u00e7alan\u0131rken baz\u0131lar\u0131 b\u00fcy\u00fck \u00f6l\u00e7\u00fcde sa\u011flam kald\u0131. Ara\u015ft\u0131rmada \u00f6zellikle i\u015flenen tar\u0131m arazileri ve tek tip \u00e7im alanlarda biyolojik aktivitenin d\u00fc\u015f\u00fck oldu\u011fu belirlenirken, sonu\u00e7lar arazi kullan\u0131m\u0131n\u0131n toprak ekosistemi \u00fczerindeki etkisini ortaya koydu.<\/p>\n<p>Kaynak: <a href=\"https:\/\/www.haberler.com\/haberler\/2-bin-ic-camasiri-topraga-gomuldu-sebebi-sasirtti-20195084-haberi\/\" target=\"_blank\" class=\"feedzy-rss-link-icon\">Read More<\/a><\/p>","protected":false},"excerpt":{"rendered":"<p>\u0130svi\u00e7re\u2019de bilim insanlar\u0131, topra\u011f\u0131n biyolojik aktivitesini \u00f6l\u00e7mek i\u00e7in \u00fclke genelinde 2 binden fazla pamuklu i\u00e7 \u00e7ama\u015f\u0131r\u0131n\u0131 topra\u011fa g\u00f6merek iki ay bekledi. Baz\u0131 \u00e7ama\u015f\u0131rlar neredeyse tamamen par\u00e7alan\u0131rken baz\u0131lar\u0131 b\u00fcy\u00fck \u00f6l\u00e7\u00fcde sa\u011flam&hellip;<\/p>\n","protected":false},"author":0,"featured_media":295314,"comment_status":"open","ping_status":"open","sticky":false,"template":"","format":"standard","meta":{"footnotes":""},"categories":[4200],"tags":[],"class_list":["post-295313","post","type-post","status-publish","format-standard","has-post-thumbnail","hentry","category-guncel-haberler"],"_links":{"self":[{"href":"https:\/\/tarimhaber.com\/index.php?rest_route=\/wp\/v2\/posts\/295313","targetHints":{"allow":["GET"]}}],"collection":[{"href":"https:\/\/tarimhaber.com\/index.php?rest_route=\/wp\/v2\/posts"}],"about":[{"href":"https:\/\/tarimhaber.com\/index.php?rest_route=\/wp\/v2\/types\/post"}],"replies":[{"embeddable":true,"href":"https:\/\/tarimhaber.com\/index.php?rest_route=%2Fwp%2Fv2%2Fcomments&post=295313"}],"version-history":[{"count":0,"href":"https:\/\/tarimhaber.com\/index.php?rest_route=\/wp\/v2\/posts\/295313\/revisions"}],"wp:featuredmedia":[{"embeddable":true,"href":"https:\/\/tarimhaber.com\/index.php?rest_route=\/wp\/v2\/media\/295314"}],"wp:attachment":[{"href":"https:\/\/tarimhaber.com\/index.php?rest_route=%2Fwp%2Fv2%2Fmedia&parent=295313"}],"wp:term":[{"taxonomy":"category","embeddable":true,"href":"https:\/\/tarimhaber.com\/index.php?rest_route=%2Fwp%2Fv2%2Fcategories&post=295313"},{"taxonomy":"post_tag","embeddable":true,"href":"https:\/\/tarimhaber.com\/index.php?rest_route=%2Fwp%2Fv2%2Ftags&post=295313"}],"curies":[{"name":"wp","href":"https:\/\/api.w.org\/{rel}","templated":true}]}}