{"id":295340,"date":"2026-09-01T09:26:07","date_gmt":"2026-09-01T09:26:07","guid":{"rendered":"https:\/\/tarimhaber.com\/?p=295340"},"modified":"2026-09-01T09:26:07","modified_gmt":"2026-09-01T09:26:07","slug":"cavdarhisar-barajinda-su-urunleri-ve-avcilik-denetimi","status":"publish","type":"post","link":"https:\/\/tarimhaber.com\/?p=295340","title":{"rendered":"\u00c7avdarhisar Baraj\u0131&apos;nda Su \u00dcr\u00fcnleri ve Avc\u0131l\u0131k Denetimi"},"content":{"rendered":"<p>K\u00fctahya&#8217;n\u0131n \u00c7avdarhisar il\u00e7esinde, \u0130l\u00e7e Tar\u0131m ve Orman M\u00fcd\u00fcrl\u00fc\u011f\u00fc ekipleri taraf\u0131ndan \u00c7avdarhisar Baraj\u0131&#8217;nda su \u00fcr\u00fcnleri ve avc\u0131l\u0131k kontrolleri yap\u0131ld\u0131. Denetimlerde ka\u00e7ak ve usuls\u00fcz avc\u0131l\u0131\u011f\u0131n \u00f6nlenmesi, su kaynaklar\u0131n\u0131n korunmas\u0131 ve s\u00fcrd\u00fcr\u00fclebilir avc\u0131l\u0131\u011f\u0131n sa\u011flanmas\u0131 hedeflenirken, yetkililer denetimlerin devam edece\u011fini a\u00e7\u0131klad\u0131.<\/p>\n<p>Kaynak: <a href=\"https:\/\/www.haberler.com\/cevre\/cavdarhisar-baraji-nda-su-urunleri-ve-avcilik-20195780-haberi\/\" target=\"_blank\" class=\"feedzy-rss-link-icon\">Read More<\/a><\/p>","protected":false},"excerpt":{"rendered":"<p>K\u00fctahya&#8217;n\u0131n \u00c7avdarhisar il\u00e7esinde, \u0130l\u00e7e Tar\u0131m ve Orman M\u00fcd\u00fcrl\u00fc\u011f\u00fc ekipleri taraf\u0131ndan \u00c7avdarhisar Baraj\u0131&#8217;nda su \u00fcr\u00fcnleri ve avc\u0131l\u0131k kontrolleri yap\u0131ld\u0131. Denetimlerde ka\u00e7ak ve usuls\u00fcz avc\u0131l\u0131\u011f\u0131n \u00f6nlenmesi, su kaynaklar\u0131n\u0131n korunmas\u0131 ve s\u00fcrd\u00fcr\u00fclebilir avc\u0131l\u0131\u011f\u0131n&hellip;<\/p>\n","protected":false},"author":0,"featured_media":295341,"comment_status":"open","ping_status":"open","sticky":false,"template":"","format":"standard","meta":{"footnotes":""},"categories":[4200],"tags":[],"class_list":["post-295340","post","type-post","status-publish","format-standard","has-post-thumbnail","hentry","category-guncel-haberler"],"_links":{"self":[{"href":"https:\/\/tarimhaber.com\/index.php?rest_route=\/wp\/v2\/posts\/295340","targetHints":{"allow":["GET"]}}],"collection":[{"href":"https:\/\/tarimhaber.com\/index.php?rest_route=\/wp\/v2\/posts"}],"about":[{"href":"https:\/\/tarimhaber.com\/index.php?rest_route=\/wp\/v2\/types\/post"}],"replies":[{"embeddable":true,"href":"https:\/\/tarimhaber.com\/index.php?rest_route=%2Fwp%2Fv2%2Fcomments&post=295340"}],"version-history":[{"count":0,"href":"https:\/\/tarimhaber.com\/index.php?rest_route=\/wp\/v2\/posts\/295340\/revisions"}],"wp:featuredmedia":[{"embeddable":true,"href":"https:\/\/tarimhaber.com\/index.php?rest_route=\/wp\/v2\/media\/295341"}],"wp:attachment":[{"href":"https:\/\/tarimhaber.com\/index.php?rest_route=%2Fwp%2Fv2%2Fmedia&parent=295340"}],"wp:term":[{"taxonomy":"category","embeddable":true,"href":"https:\/\/tarimhaber.com\/index.php?rest_route=%2Fwp%2Fv2%2Fcategories&post=295340"},{"taxonomy":"post_tag","embeddable":true,"href":"https:\/\/tarimhaber.com\/index.php?rest_route=%2Fwp%2Fv2%2Ftags&post=295340"}],"curies":[{"name":"wp","href":"https:\/\/api.w.org\/{rel}","templated":true}]}}