{"id":295470,"date":"2026-09-02T07:26:17","date_gmt":"2026-09-02T07:26:17","guid":{"rendered":"https:\/\/tarimhaber.com\/?p=295470"},"modified":"2026-09-02T07:26:17","modified_gmt":"2026-09-02T07:26:17","slug":"chpli-gurer-ciftci-urununu-sattiginda-maliyetini-karsilayacak-fiyat-bulamiyor","status":"publish","type":"post","link":"https:\/\/tarimhaber.com\/?p=295470","title":{"rendered":"CHP&apos;li G\u00fcrer: \u00c7ift\u00e7i \u00dcr\u00fcn\u00fcn\u00fc Satt\u0131\u011f\u0131nda Maliyetini Kar\u015f\u0131layacak Fiyat Bulam\u0131yor"},"content":{"rendered":"<p>CHP Ni\u011fde Milletvekili \u00d6mer Fethi G\u00fcrer, tar\u0131m politikalar\u0131n\u0131 ele\u015ftirerek \u00e7ift\u00e7inin artan maliyetler kar\u015f\u0131s\u0131nda gelir kayb\u0131 ya\u015fad\u0131\u011f\u0131n\u0131 belirtti. Motorin fiyatlar\u0131n\u0131n y\u00fczde 53,7 artarken, arpa fiyat\u0131n\u0131n y\u00fczde 15,9, bu\u011fday\u0131n ise y\u00fczde 22 artt\u0131\u011f\u0131n\u0131 ifade etti. G\u00fcrer, al\u0131m fiyatlar\u0131n\u0131n masa ba\u015f\u0131nda de\u011fil, ger\u00e7ek maliyetler dikkate al\u0131narak belirlenmesi gerekti\u011fini vurgulad\u0131.<\/p>\n<p>Kaynak: <a href=\"https:\/\/www.haberler.com\/guncel\/chp-li-gurer-ciftci-yil-boyunca-calisiyor-sonra-20198904-haberi\/\" target=\"_blank\" class=\"feedzy-rss-link-icon\">Read More<\/a><\/p>","protected":false},"excerpt":{"rendered":"<p>CHP Ni\u011fde Milletvekili \u00d6mer Fethi G\u00fcrer, tar\u0131m politikalar\u0131n\u0131 ele\u015ftirerek \u00e7ift\u00e7inin artan maliyetler kar\u015f\u0131s\u0131nda gelir kayb\u0131 ya\u015fad\u0131\u011f\u0131n\u0131 belirtti. Motorin fiyatlar\u0131n\u0131n y\u00fczde 53,7 artarken, arpa fiyat\u0131n\u0131n y\u00fczde 15,9, bu\u011fday\u0131n ise y\u00fczde 22&hellip;<\/p>\n","protected":false},"author":0,"featured_media":295471,"comment_status":"open","ping_status":"open","sticky":false,"template":"","format":"standard","meta":{"footnotes":""},"categories":[4200],"tags":[],"class_list":["post-295470","post","type-post","status-publish","format-standard","has-post-thumbnail","hentry","category-guncel-haberler"],"_links":{"self":[{"href":"https:\/\/tarimhaber.com\/index.php?rest_route=\/wp\/v2\/posts\/295470","targetHints":{"allow":["GET"]}}],"collection":[{"href":"https:\/\/tarimhaber.com\/index.php?rest_route=\/wp\/v2\/posts"}],"about":[{"href":"https:\/\/tarimhaber.com\/index.php?rest_route=\/wp\/v2\/types\/post"}],"replies":[{"embeddable":true,"href":"https:\/\/tarimhaber.com\/index.php?rest_route=%2Fwp%2Fv2%2Fcomments&post=295470"}],"version-history":[{"count":0,"href":"https:\/\/tarimhaber.com\/index.php?rest_route=\/wp\/v2\/posts\/295470\/revisions"}],"wp:featuredmedia":[{"embeddable":true,"href":"https:\/\/tarimhaber.com\/index.php?rest_route=\/wp\/v2\/media\/295471"}],"wp:attachment":[{"href":"https:\/\/tarimhaber.com\/index.php?rest_route=%2Fwp%2Fv2%2Fmedia&parent=295470"}],"wp:term":[{"taxonomy":"category","embeddable":true,"href":"https:\/\/tarimhaber.com\/index.php?rest_route=%2Fwp%2Fv2%2Fcategories&post=295470"},{"taxonomy":"post_tag","embeddable":true,"href":"https:\/\/tarimhaber.com\/index.php?rest_route=%2Fwp%2Fv2%2Ftags&post=295470"}],"curies":[{"name":"wp","href":"https:\/\/api.w.org\/{rel}","templated":true}]}}