{"id":295488,"date":"2026-09-02T09:26:21","date_gmt":"2026-09-02T09:26:21","guid":{"rendered":"http:\/\/tarimhaber.com\/?p=295488"},"modified":"2026-09-02T09:26:21","modified_gmt":"2026-09-02T09:26:21","slug":"altin-yatirimcisi-sokta-kuyumcular-bile-gozunu-cuma-gunune-cevirdi","status":"publish","type":"post","link":"https:\/\/tarimhaber.com\/?p=295488","title":{"rendered":"Alt\u0131n yat\u0131r\u0131mc\u0131s\u0131 \u015fokta! Kuyumcular bile g\u00f6z\u00fcn\u00fc cuma g\u00fcn\u00fcne \u00e7evirdi"},"content":{"rendered":"<p>Ons ve gram alt\u0131nda ya\u015fanan sert d\u00fc\u015f\u00fc\u015f\u00fcn ard\u0131ndan piyasalar, 4 Eyl\u00fcl Cuma g\u00fcn\u00fc a\u00e7\u0131klanacak ABD Tar\u0131m D\u0131\u015f\u0131 \u0130stihdam verisine kilitlendi. Beklentilerin \u00fczerinde gelecek g\u00fc\u00e7l\u00fc bir istihdam tablosunun Fed&#8217;in faiz art\u0131rma ihtimalini g\u00fc\u00e7lendirerek alt\u0131n \u00fczerindeki bask\u0131y\u0131 art\u0131rmas\u0131 beklenirken, zay\u0131f bir verinin ise tahvil faizlerini gev\u015feterek alt\u0131nda yeniden toparlanmaya zemin haz\u0131rlayabilece\u011fi belirtiliyor.<\/p>\n<p>Kaynak: <a href=\"https:\/\/www.haberler.com\/ekonomi\/altin-yatirimcisi-sokta-kuyumcular-bile-gozlerini-20199395-haberi\/\" target=\"_blank\" class=\"feedzy-rss-link-icon\">Read More<\/a><\/p>","protected":false},"excerpt":{"rendered":"<p>Ons ve gram alt\u0131nda ya\u015fanan sert d\u00fc\u015f\u00fc\u015f\u00fcn ard\u0131ndan piyasalar, 4 Eyl\u00fcl Cuma g\u00fcn\u00fc a\u00e7\u0131klanacak ABD Tar\u0131m D\u0131\u015f\u0131 \u0130stihdam verisine kilitlendi. Beklentilerin \u00fczerinde gelecek g\u00fc\u00e7l\u00fc bir istihdam tablosunun Fed&#8217;in faiz art\u0131rma&hellip;<\/p>\n","protected":false},"author":0,"featured_media":295489,"comment_status":"open","ping_status":"open","sticky":false,"template":"","format":"standard","meta":{"footnotes":""},"categories":[4200],"tags":[],"class_list":["post-295488","post","type-post","status-publish","format-standard","has-post-thumbnail","hentry","category-guncel-haberler"],"_links":{"self":[{"href":"https:\/\/tarimhaber.com\/index.php?rest_route=\/wp\/v2\/posts\/295488","targetHints":{"allow":["GET"]}}],"collection":[{"href":"https:\/\/tarimhaber.com\/index.php?rest_route=\/wp\/v2\/posts"}],"about":[{"href":"https:\/\/tarimhaber.com\/index.php?rest_route=\/wp\/v2\/types\/post"}],"replies":[{"embeddable":true,"href":"https:\/\/tarimhaber.com\/index.php?rest_route=%2Fwp%2Fv2%2Fcomments&post=295488"}],"version-history":[{"count":0,"href":"https:\/\/tarimhaber.com\/index.php?rest_route=\/wp\/v2\/posts\/295488\/revisions"}],"wp:featuredmedia":[{"embeddable":true,"href":"https:\/\/tarimhaber.com\/index.php?rest_route=\/wp\/v2\/media\/295489"}],"wp:attachment":[{"href":"https:\/\/tarimhaber.com\/index.php?rest_route=%2Fwp%2Fv2%2Fmedia&parent=295488"}],"wp:term":[{"taxonomy":"category","embeddable":true,"href":"https:\/\/tarimhaber.com\/index.php?rest_route=%2Fwp%2Fv2%2Fcategories&post=295488"},{"taxonomy":"post_tag","embeddable":true,"href":"https:\/\/tarimhaber.com\/index.php?rest_route=%2Fwp%2Fv2%2Ftags&post=295488"}],"curies":[{"name":"wp","href":"https:\/\/api.w.org\/{rel}","templated":true}]}}