{"id":295497,"date":"2026-09-02T10:26:09","date_gmt":"2026-09-02T10:26:09","guid":{"rendered":"https:\/\/tarimhaber.com\/?p=295497"},"modified":"2026-09-02T10:26:09","modified_gmt":"2026-09-02T10:26:09","slug":"elazigda-tarim-personeline-otizm-farkindalik-egitimi","status":"publish","type":"post","link":"https:\/\/tarimhaber.com\/?p=295497","title":{"rendered":"Elaz\u0131\u011f&apos;da Tar\u0131m Personeline Otizm Fark\u0131ndal\u0131k E\u011fitimi"},"content":{"rendered":"<p>Elaz\u0131\u011f \u0130l Tar\u0131m ve Orman M\u00fcd\u00fcrl\u00fc\u011f\u00fc ile Aile ve Sosyal Hizmetler \u0130l M\u00fcd\u00fcrl\u00fc\u011f\u00fc i\u015f birli\u011finde, otizm spektrum bozuklu\u011fu konusunda fark\u0131ndal\u0131k e\u011fitimi d\u00fczenlendi. Psikolog U\u011fur Aslan, otizmin temel \u00f6zellikleri, do\u011fru ileti\u015fim ve yakla\u015f\u0131m y\u00f6ntemleri hakk\u0131nda bilgi verirken, personelin otizm bilgi d\u00fczeyinin art\u0131r\u0131lmas\u0131 hedeflendi.<\/p>\n<p>Kaynak: <a href=\"https:\/\/www.haberler.com\/egitim\/elazig-da-otizm-farkindalik-egitimi-20199723-haberi\/\" target=\"_blank\" class=\"feedzy-rss-link-icon\">Read More<\/a><\/p>","protected":false},"excerpt":{"rendered":"<p>Elaz\u0131\u011f \u0130l Tar\u0131m ve Orman M\u00fcd\u00fcrl\u00fc\u011f\u00fc ile Aile ve Sosyal Hizmetler \u0130l M\u00fcd\u00fcrl\u00fc\u011f\u00fc i\u015f birli\u011finde, otizm spektrum bozuklu\u011fu konusunda fark\u0131ndal\u0131k e\u011fitimi d\u00fczenlendi. Psikolog U\u011fur Aslan, otizmin temel \u00f6zellikleri, do\u011fru ileti\u015fim&hellip;<\/p>\n","protected":false},"author":0,"featured_media":295498,"comment_status":"open","ping_status":"open","sticky":false,"template":"","format":"standard","meta":{"footnotes":""},"categories":[4200],"tags":[],"class_list":["post-295497","post","type-post","status-publish","format-standard","has-post-thumbnail","hentry","category-guncel-haberler"],"_links":{"self":[{"href":"https:\/\/tarimhaber.com\/index.php?rest_route=\/wp\/v2\/posts\/295497","targetHints":{"allow":["GET"]}}],"collection":[{"href":"https:\/\/tarimhaber.com\/index.php?rest_route=\/wp\/v2\/posts"}],"about":[{"href":"https:\/\/tarimhaber.com\/index.php?rest_route=\/wp\/v2\/types\/post"}],"replies":[{"embeddable":true,"href":"https:\/\/tarimhaber.com\/index.php?rest_route=%2Fwp%2Fv2%2Fcomments&post=295497"}],"version-history":[{"count":0,"href":"https:\/\/tarimhaber.com\/index.php?rest_route=\/wp\/v2\/posts\/295497\/revisions"}],"wp:featuredmedia":[{"embeddable":true,"href":"https:\/\/tarimhaber.com\/index.php?rest_route=\/wp\/v2\/media\/295498"}],"wp:attachment":[{"href":"https:\/\/tarimhaber.com\/index.php?rest_route=%2Fwp%2Fv2%2Fmedia&parent=295497"}],"wp:term":[{"taxonomy":"category","embeddable":true,"href":"https:\/\/tarimhaber.com\/index.php?rest_route=%2Fwp%2Fv2%2Fcategories&post=295497"},{"taxonomy":"post_tag","embeddable":true,"href":"https:\/\/tarimhaber.com\/index.php?rest_route=%2Fwp%2Fv2%2Ftags&post=295497"}],"curies":[{"name":"wp","href":"https:\/\/api.w.org\/{rel}","templated":true}]}}