{"id":295499,"date":"2026-09-02T10:26:10","date_gmt":"2026-09-02T10:26:10","guid":{"rendered":"https:\/\/tarimhaber.com\/?p=295499"},"modified":"2026-09-02T10:26:10","modified_gmt":"2026-09-02T10:26:10","slug":"orduda-tarim-araci-dereye-yuvarlandi-1-olu-1-yarali","status":"publish","type":"post","link":"https:\/\/tarimhaber.com\/?p=295499","title":{"rendered":"Ordu&apos;da Tar\u0131m Arac\u0131 Dereye Yuvarland\u0131: 1 \u00d6l\u00fc, 1 Yaral\u0131"},"content":{"rendered":"<p>Ordu&#8217;nun \u0130kizce il\u00e7esinde patpat olarak bilinen tar\u0131m arac\u0131n\u0131n dereye yuvarlanmas\u0131 sonucu s\u00fcr\u00fcc\u00fc Emrah Demirci hayat\u0131n\u0131 kaybetti, yan\u0131ndaki \u00c7avu\u015f Demirci yaraland\u0131. Kaza, Fatih Mahallesi&#8217;nde s\u00fcr\u00fcc\u00fcn\u00fcn direksiyon hakimiyetini kaybetmesiyle meydana geldi. Olay yerine sevk edilen sa\u011fl\u0131k ekipleri, s\u00fcr\u00fcc\u00fcn\u00fcn ya\u015fam\u0131n\u0131 yitirdi\u011fini belirledi; yaral\u0131 hastaneye kald\u0131r\u0131l\u0131rken, kazayla ilgili soru\u015fturma ba\u015flat\u0131ld\u0131.<\/p>\n<p>Kaynak: <a href=\"https:\/\/www.haberler.com\/3-sayfa\/ordu-da-patpat-dereye-uctu-1-olu-1-yarali-20199703-haberi\/\" target=\"_blank\" class=\"feedzy-rss-link-icon\">Read More<\/a><\/p>","protected":false},"excerpt":{"rendered":"<p>Ordu&#8217;nun \u0130kizce il\u00e7esinde patpat olarak bilinen tar\u0131m arac\u0131n\u0131n dereye yuvarlanmas\u0131 sonucu s\u00fcr\u00fcc\u00fc Emrah Demirci hayat\u0131n\u0131 kaybetti, yan\u0131ndaki \u00c7avu\u015f Demirci yaraland\u0131. Kaza, Fatih Mahallesi&#8217;nde s\u00fcr\u00fcc\u00fcn\u00fcn direksiyon hakimiyetini kaybetmesiyle meydana geldi. Olay&hellip;<\/p>\n","protected":false},"author":0,"featured_media":295500,"comment_status":"open","ping_status":"open","sticky":false,"template":"","format":"standard","meta":{"footnotes":""},"categories":[4200],"tags":[],"class_list":["post-295499","post","type-post","status-publish","format-standard","has-post-thumbnail","hentry","category-guncel-haberler"],"_links":{"self":[{"href":"https:\/\/tarimhaber.com\/index.php?rest_route=\/wp\/v2\/posts\/295499","targetHints":{"allow":["GET"]}}],"collection":[{"href":"https:\/\/tarimhaber.com\/index.php?rest_route=\/wp\/v2\/posts"}],"about":[{"href":"https:\/\/tarimhaber.com\/index.php?rest_route=\/wp\/v2\/types\/post"}],"replies":[{"embeddable":true,"href":"https:\/\/tarimhaber.com\/index.php?rest_route=%2Fwp%2Fv2%2Fcomments&post=295499"}],"version-history":[{"count":0,"href":"https:\/\/tarimhaber.com\/index.php?rest_route=\/wp\/v2\/posts\/295499\/revisions"}],"wp:featuredmedia":[{"embeddable":true,"href":"https:\/\/tarimhaber.com\/index.php?rest_route=\/wp\/v2\/media\/295500"}],"wp:attachment":[{"href":"https:\/\/tarimhaber.com\/index.php?rest_route=%2Fwp%2Fv2%2Fmedia&parent=295499"}],"wp:term":[{"taxonomy":"category","embeddable":true,"href":"https:\/\/tarimhaber.com\/index.php?rest_route=%2Fwp%2Fv2%2Fcategories&post=295499"},{"taxonomy":"post_tag","embeddable":true,"href":"https:\/\/tarimhaber.com\/index.php?rest_route=%2Fwp%2Fv2%2Ftags&post=295499"}],"curies":[{"name":"wp","href":"https:\/\/api.w.org\/{rel}","templated":true}]}}