{"id":295502,"date":"2026-09-02T10:26:12","date_gmt":"2026-09-02T10:26:12","guid":{"rendered":"https:\/\/tarimhaber.com\/?p=295502"},"modified":"2026-09-02T10:26:12","modified_gmt":"2026-09-02T10:26:12","slug":"agri-valisi-bozkurt-dogubayazitta-incelemelerde-bulundu","status":"publish","type":"post","link":"https:\/\/tarimhaber.com\/?p=295502","title":{"rendered":"A\u011fr\u0131 Valisi Bozkurt Do\u011fubayaz\u0131t&apos;ta \u0130ncelemelerde Bulundu"},"content":{"rendered":"<p>A\u011fr\u0131 Valisi Dr. \u00d6nder Bozkurt, Do\u011fubayaz\u0131t Kaymakam\u0131 Mustafa Ayvat, \u0130l Emniyet M\u00fcd\u00fcr\u00fc G\u00f6ksel \u00d6nder, \u0130l Jandarma Komutan Yard\u0131mc\u0131s\u0131 K\u0131demli Albay R\u0131fat Tamer Aksoy, \u0130l Genel Sekreteri Erhan Tenekeci, Tar\u0131m ve Orman \u0130l M\u00fcd\u00fcr\u00fc Mehmet H\u00fcseyino\u011flu ve AFAD \u0130l M\u00fcd\u00fcr\u00fc \u00d6zkan Aba&#8217;dan olu\u015fan heyet ile birlikte, Do\u011fubayaz\u0131t il\u00e7esine gitti.<\/p>\n<p>Kaynak: <a href=\"https:\/\/www.haberler.com\/haberler\/agri-valisi-bozkurt-dogubayazit-ilcesinde-20198706-haberi\/\" target=\"_blank\" class=\"feedzy-rss-link-icon\">Read More<\/a><\/p>","protected":false},"excerpt":{"rendered":"<p>A\u011fr\u0131 Valisi Dr. \u00d6nder Bozkurt, Do\u011fubayaz\u0131t Kaymakam\u0131 Mustafa Ayvat, \u0130l Emniyet M\u00fcd\u00fcr\u00fc G\u00f6ksel \u00d6nder, \u0130l Jandarma Komutan Yard\u0131mc\u0131s\u0131 K\u0131demli Albay R\u0131fat Tamer Aksoy, \u0130l Genel Sekreteri Erhan Tenekeci, Tar\u0131m ve&hellip;<\/p>\n","protected":false},"author":0,"featured_media":295503,"comment_status":"open","ping_status":"open","sticky":false,"template":"","format":"standard","meta":{"footnotes":""},"categories":[4200],"tags":[],"class_list":["post-295502","post","type-post","status-publish","format-standard","has-post-thumbnail","hentry","category-guncel-haberler"],"_links":{"self":[{"href":"https:\/\/tarimhaber.com\/index.php?rest_route=\/wp\/v2\/posts\/295502","targetHints":{"allow":["GET"]}}],"collection":[{"href":"https:\/\/tarimhaber.com\/index.php?rest_route=\/wp\/v2\/posts"}],"about":[{"href":"https:\/\/tarimhaber.com\/index.php?rest_route=\/wp\/v2\/types\/post"}],"replies":[{"embeddable":true,"href":"https:\/\/tarimhaber.com\/index.php?rest_route=%2Fwp%2Fv2%2Fcomments&post=295502"}],"version-history":[{"count":0,"href":"https:\/\/tarimhaber.com\/index.php?rest_route=\/wp\/v2\/posts\/295502\/revisions"}],"wp:featuredmedia":[{"embeddable":true,"href":"https:\/\/tarimhaber.com\/index.php?rest_route=\/wp\/v2\/media\/295503"}],"wp:attachment":[{"href":"https:\/\/tarimhaber.com\/index.php?rest_route=%2Fwp%2Fv2%2Fmedia&parent=295502"}],"wp:term":[{"taxonomy":"category","embeddable":true,"href":"https:\/\/tarimhaber.com\/index.php?rest_route=%2Fwp%2Fv2%2Fcategories&post=295502"},{"taxonomy":"post_tag","embeddable":true,"href":"https:\/\/tarimhaber.com\/index.php?rest_route=%2Fwp%2Fv2%2Ftags&post=295502"}],"curies":[{"name":"wp","href":"https:\/\/api.w.org\/{rel}","templated":true}]}}