{"id":295511,"date":"2026-09-02T11:25:50","date_gmt":"2026-09-02T11:25:50","guid":{"rendered":"https:\/\/tarimhaber.com\/?p=295511"},"modified":"2026-09-02T11:25:50","modified_gmt":"2026-09-02T11:25:50","slug":"igdirda-tarim-ekonomisi-kongresi-basladi","status":"publish","type":"post","link":"https:\/\/tarimhaber.com\/?p=295511","title":{"rendered":"I\u011fd\u0131r&apos;da Tar\u0131m Ekonomisi Kongresi Ba\u015flad\u0131"},"content":{"rendered":"<p>I\u011fd\u0131r\u2019da &#8220;16. Ulusal Tar\u0131m Ekonomisi Kongresi&#8221; ba\u015flad\u0131.<\/p>\n<p>Kaynak: <a href=\"https:\/\/www.haberler.com\/guncel\/igdir-da-16-ulusal-tarim-ekonomisi-kongresi-20199991-haberi\/\" target=\"_blank\" class=\"feedzy-rss-link-icon\">Read More<\/a><\/p>","protected":false},"excerpt":{"rendered":"<p>I\u011fd\u0131r\u2019da &#8220;16. Ulusal Tar\u0131m Ekonomisi Kongresi&#8221; ba\u015flad\u0131. Kaynak: Read More<\/p>\n","protected":false},"author":0,"featured_media":0,"comment_status":"open","ping_status":"open","sticky":false,"template":"","format":"standard","meta":{"footnotes":""},"categories":[4200],"tags":[],"class_list":["post-295511","post","type-post","status-publish","format-standard","hentry","category-guncel-haberler"],"_links":{"self":[{"href":"https:\/\/tarimhaber.com\/index.php?rest_route=\/wp\/v2\/posts\/295511","targetHints":{"allow":["GET"]}}],"collection":[{"href":"https:\/\/tarimhaber.com\/index.php?rest_route=\/wp\/v2\/posts"}],"about":[{"href":"https:\/\/tarimhaber.com\/index.php?rest_route=\/wp\/v2\/types\/post"}],"replies":[{"embeddable":true,"href":"https:\/\/tarimhaber.com\/index.php?rest_route=%2Fwp%2Fv2%2Fcomments&post=295511"}],"version-history":[{"count":0,"href":"https:\/\/tarimhaber.com\/index.php?rest_route=\/wp\/v2\/posts\/295511\/revisions"}],"wp:attachment":[{"href":"https:\/\/tarimhaber.com\/index.php?rest_route=%2Fwp%2Fv2%2Fmedia&parent=295511"}],"wp:term":[{"taxonomy":"category","embeddable":true,"href":"https:\/\/tarimhaber.com\/index.php?rest_route=%2Fwp%2Fv2%2Fcategories&post=295511"},{"taxonomy":"post_tag","embeddable":true,"href":"https:\/\/tarimhaber.com\/index.php?rest_route=%2Fwp%2Fv2%2Ftags&post=295511"}],"curies":[{"name":"wp","href":"https:\/\/api.w.org\/{rel}","templated":true}]}}