{"id":295698,"date":"2026-09-03T16:25:45","date_gmt":"2026-09-03T16:25:45","guid":{"rendered":"https:\/\/tarimhaber.com\/?p=295698"},"modified":"2026-09-03T16:25:45","modified_gmt":"2026-09-03T16:25:45","slug":"ozgur-ozelden-manisada-uzum-ureticisine-ciftci-borclari-sozu-faizleri-silecegiz-ana-parayi-uc-yila-bolecegiz","status":"publish","type":"post","link":"https:\/\/tarimhaber.com\/?p=295698","title":{"rendered":"\u00d6zg\u00fcr \u00d6zel&apos;den Manisa&apos;da \u00dcz\u00fcm \u00dcreticisine \u00c7ift\u00e7i Bor\u00e7lar\u0131 S\u00f6z\u00fc: &apos;Faizleri Silece\u011fiz, Ana Paray\u0131 \u00dc\u00e7 Y\u0131la B\u00f6lece\u011fiz&apos;"},"content":{"rendered":"<p>YEN\u0130 Parti Genel Ba\u015fkan\u0131 \u00d6zg\u00fcr \u00d6zel, Manisa\u00a0Hac\u0131haliller Mahallesi&#8217;nde \u00fcz\u00fcm \u00fcreticileriyle bir araya gelerek, &#8220;\u0130ktidar\u0131m\u0131za geldikten sonra tar\u0131m i\u00e7in, \u00e7ift\u00e7ilik yaparken, hayvanc\u0131l\u0131k yaparken, \u00fcretim yaparken kullan\u0131lm\u0131\u015f b\u00fct\u00fcn kredilerin faizlerini bir kereye mahsus silece\u011fiz, ana paray\u0131 \u00fc\u00e7 y\u0131la b\u00f6lece\u011fiz, hepinize rahat bir nefes ald\u0131raca\u011f\u0131z&#8221; a\u00e7\u0131klamas\u0131n\u0131 yapt\u0131.<\/p>\n<p>Kaynak: <a href=\"https:\/\/www.haberler.com\/guncel\/ozgur-ozel-ciftcinin-butun-kredilerinin-faizlerini-20204392-haberi\/\" target=\"_blank\" class=\"feedzy-rss-link-icon\">Read More<\/a><\/p>","protected":false},"excerpt":{"rendered":"<p>YEN\u0130 Parti Genel Ba\u015fkan\u0131 \u00d6zg\u00fcr \u00d6zel, Manisa\u00a0Hac\u0131haliller Mahallesi&#8217;nde \u00fcz\u00fcm \u00fcreticileriyle bir araya gelerek, &#8220;\u0130ktidar\u0131m\u0131za geldikten sonra tar\u0131m i\u00e7in, \u00e7ift\u00e7ilik yaparken, hayvanc\u0131l\u0131k yaparken, \u00fcretim yaparken kullan\u0131lm\u0131\u015f b\u00fct\u00fcn kredilerin faizlerini bir kereye&hellip;<\/p>\n","protected":false},"author":0,"featured_media":295699,"comment_status":"open","ping_status":"open","sticky":false,"template":"","format":"standard","meta":{"footnotes":""},"categories":[4200],"tags":[],"class_list":["post-295698","post","type-post","status-publish","format-standard","has-post-thumbnail","hentry","category-guncel-haberler"],"_links":{"self":[{"href":"https:\/\/tarimhaber.com\/index.php?rest_route=\/wp\/v2\/posts\/295698","targetHints":{"allow":["GET"]}}],"collection":[{"href":"https:\/\/tarimhaber.com\/index.php?rest_route=\/wp\/v2\/posts"}],"about":[{"href":"https:\/\/tarimhaber.com\/index.php?rest_route=\/wp\/v2\/types\/post"}],"replies":[{"embeddable":true,"href":"https:\/\/tarimhaber.com\/index.php?rest_route=%2Fwp%2Fv2%2Fcomments&post=295698"}],"version-history":[{"count":0,"href":"https:\/\/tarimhaber.com\/index.php?rest_route=\/wp\/v2\/posts\/295698\/revisions"}],"wp:featuredmedia":[{"embeddable":true,"href":"https:\/\/tarimhaber.com\/index.php?rest_route=\/wp\/v2\/media\/295699"}],"wp:attachment":[{"href":"https:\/\/tarimhaber.com\/index.php?rest_route=%2Fwp%2Fv2%2Fmedia&parent=295698"}],"wp:term":[{"taxonomy":"category","embeddable":true,"href":"https:\/\/tarimhaber.com\/index.php?rest_route=%2Fwp%2Fv2%2Fcategories&post=295698"},{"taxonomy":"post_tag","embeddable":true,"href":"https:\/\/tarimhaber.com\/index.php?rest_route=%2Fwp%2Fv2%2Ftags&post=295698"}],"curies":[{"name":"wp","href":"https:\/\/api.w.org\/{rel}","templated":true}]}}