{"id":295796,"date":"2026-09-04T08:26:17","date_gmt":"2026-09-04T08:26:17","guid":{"rendered":"https:\/\/tarimhaber.com\/?p=295796"},"modified":"2026-09-04T08:26:17","modified_gmt":"2026-09-04T08:26:17","slug":"erzurumda-aycicegi-uretimi-5-yilda-10-kat-artti","status":"publish","type":"post","link":"https:\/\/tarimhaber.com\/?p=295796","title":{"rendered":"Erzurum&apos;da ay\u00e7i\u00e7e\u011fi \u00fcretimi 5 y\u0131lda 10 kat artt\u0131"},"content":{"rendered":"<p>&#8211; Erzurum&#8217;da sulama imkanlar\u0131n\u0131n artmas\u0131, makinele\u015fme ve \u00fcr\u00fcn\u00fcn pazar de\u011ferinin etkisiyle ekim alan\u0131 geni\u015fleyen ay\u00e7i\u00e7e\u011finin \u00fcretimi 5 y\u0131lda 10 kat artt\u0131<br \/>\n\u0130l Tar\u0131m ve Orman M\u00fcd\u00fcr\u00fc Alpaslan Kenger:<br \/>\n&#8220;2021 y\u0131l\u0131nda ekili\u015f alan\u0131m\u0131z 21 bin dekarken, 2026 y\u0131l\u0131nda 115 bin dekarlara \u00e7\u0131km\u0131\u015f durumda. Has\u0131lat\u0131m\u0131z 3 bin 600 tonlardan 36 bin tonlara \u00e7\u0131kt\u0131. 2021 y\u0131l\u0131nda 980 \u00e7ift\u00e7i ay\u00e7i\u00e7e\u011fi tar\u0131m\u0131 yaparken, 2026 y\u0131l\u0131nda 3 bin 210 \u00e7ift\u00e7i ay\u00e7i\u00e7e\u011fi tar\u0131m\u0131yla u\u011fra\u015f\u0131yor&#8221;<\/p>\n<p>Kaynak: <a href=\"https:\/\/www.haberler.com\/ekonomi\/erzurum-turkiye-de-aycicegi-uretiminde-yuzde-11-20205896-haberi\/\" target=\"_blank\" class=\"feedzy-rss-link-icon\">Read More<\/a><\/p>","protected":false},"excerpt":{"rendered":"<p>&#8211; Erzurum&#8217;da sulama imkanlar\u0131n\u0131n artmas\u0131, makinele\u015fme ve \u00fcr\u00fcn\u00fcn pazar de\u011ferinin etkisiyle ekim alan\u0131 geni\u015fleyen ay\u00e7i\u00e7e\u011finin \u00fcretimi 5 y\u0131lda 10 kat artt\u0131 \u0130l Tar\u0131m ve Orman M\u00fcd\u00fcr\u00fc Alpaslan Kenger: &#8220;2021 y\u0131l\u0131nda&hellip;<\/p>\n","protected":false},"author":0,"featured_media":295797,"comment_status":"open","ping_status":"open","sticky":false,"template":"","format":"standard","meta":{"footnotes":""},"categories":[4200],"tags":[],"class_list":["post-295796","post","type-post","status-publish","format-standard","has-post-thumbnail","hentry","category-guncel-haberler"],"_links":{"self":[{"href":"https:\/\/tarimhaber.com\/index.php?rest_route=\/wp\/v2\/posts\/295796","targetHints":{"allow":["GET"]}}],"collection":[{"href":"https:\/\/tarimhaber.com\/index.php?rest_route=\/wp\/v2\/posts"}],"about":[{"href":"https:\/\/tarimhaber.com\/index.php?rest_route=\/wp\/v2\/types\/post"}],"replies":[{"embeddable":true,"href":"https:\/\/tarimhaber.com\/index.php?rest_route=%2Fwp%2Fv2%2Fcomments&post=295796"}],"version-history":[{"count":0,"href":"https:\/\/tarimhaber.com\/index.php?rest_route=\/wp\/v2\/posts\/295796\/revisions"}],"wp:featuredmedia":[{"embeddable":true,"href":"https:\/\/tarimhaber.com\/index.php?rest_route=\/wp\/v2\/media\/295797"}],"wp:attachment":[{"href":"https:\/\/tarimhaber.com\/index.php?rest_route=%2Fwp%2Fv2%2Fmedia&parent=295796"}],"wp:term":[{"taxonomy":"category","embeddable":true,"href":"https:\/\/tarimhaber.com\/index.php?rest_route=%2Fwp%2Fv2%2Fcategories&post=295796"},{"taxonomy":"post_tag","embeddable":true,"href":"https:\/\/tarimhaber.com\/index.php?rest_route=%2Fwp%2Fv2%2Ftags&post=295796"}],"curies":[{"name":"wp","href":"https:\/\/api.w.org\/{rel}","templated":true}]}}