{"id":295819,"date":"2026-09-04T10:25:21","date_gmt":"2026-09-04T10:25:21","guid":{"rendered":"http:\/\/tarimhaber.com\/?p=295819"},"modified":"2026-09-04T10:25:21","modified_gmt":"2026-09-04T10:25:21","slug":"denizlide-ureticilerle-sahada-bulusma-sorunlar-yerinde-tespit-edildi","status":"publish","type":"post","link":"https:\/\/tarimhaber.com\/?p=295819","title":{"rendered":"Denizli&apos;de \u00dcreticilerle Sahada Bulu\u015fma: Sorunlar Yerinde Tespit Edildi"},"content":{"rendered":"<p>Denizli \u0130l Tar\u0131m ve Orman M\u00fcd\u00fcr\u00fc Mustafa Nevzat Zayim, Bekilli il\u00e7esi \u00c7o\u011fa\u00e7l\u0131 Mahallesi&#8217;nde \u00fcreticiler, muhtarlar ve teknik personelle bir araya geldi. Toplant\u0131da tar\u0131msal faaliyetler de\u011ferlendirilirken, \u00fcreticilerin sorun, talep ve beklentileri yerinde dinlendi. Zayim, &#8216;\u00dcreticimizin yan\u0131nday\u0131z&#8217; diyerek \u00e7\u00f6z\u00fcm odakl\u0131 \u00e7al\u0131\u015fmalar\u0131n il genelinde s\u00fcrece\u011fini bildirdi.<\/p>\n<p>Kaynak: <a href=\"https:\/\/www.haberler.com\/ekonomi\/bekilli-de-tarim-masasi-kuruldu-ureticinin-20206439-haberi\/\" target=\"_blank\" class=\"feedzy-rss-link-icon\">Read More<\/a><\/p>","protected":false},"excerpt":{"rendered":"<p>Denizli \u0130l Tar\u0131m ve Orman M\u00fcd\u00fcr\u00fc Mustafa Nevzat Zayim, Bekilli il\u00e7esi \u00c7o\u011fa\u00e7l\u0131 Mahallesi&#8217;nde \u00fcreticiler, muhtarlar ve teknik personelle bir araya geldi. Toplant\u0131da tar\u0131msal faaliyetler de\u011ferlendirilirken, \u00fcreticilerin sorun, talep ve beklentileri&hellip;<\/p>\n","protected":false},"author":0,"featured_media":295820,"comment_status":"open","ping_status":"open","sticky":false,"template":"","format":"standard","meta":{"footnotes":""},"categories":[4200],"tags":[],"class_list":["post-295819","post","type-post","status-publish","format-standard","has-post-thumbnail","hentry","category-guncel-haberler"],"_links":{"self":[{"href":"https:\/\/tarimhaber.com\/index.php?rest_route=\/wp\/v2\/posts\/295819","targetHints":{"allow":["GET"]}}],"collection":[{"href":"https:\/\/tarimhaber.com\/index.php?rest_route=\/wp\/v2\/posts"}],"about":[{"href":"https:\/\/tarimhaber.com\/index.php?rest_route=\/wp\/v2\/types\/post"}],"replies":[{"embeddable":true,"href":"https:\/\/tarimhaber.com\/index.php?rest_route=%2Fwp%2Fv2%2Fcomments&post=295819"}],"version-history":[{"count":0,"href":"https:\/\/tarimhaber.com\/index.php?rest_route=\/wp\/v2\/posts\/295819\/revisions"}],"wp:featuredmedia":[{"embeddable":true,"href":"https:\/\/tarimhaber.com\/index.php?rest_route=\/wp\/v2\/media\/295820"}],"wp:attachment":[{"href":"https:\/\/tarimhaber.com\/index.php?rest_route=%2Fwp%2Fv2%2Fmedia&parent=295819"}],"wp:term":[{"taxonomy":"category","embeddable":true,"href":"https:\/\/tarimhaber.com\/index.php?rest_route=%2Fwp%2Fv2%2Fcategories&post=295819"},{"taxonomy":"post_tag","embeddable":true,"href":"https:\/\/tarimhaber.com\/index.php?rest_route=%2Fwp%2Fv2%2Ftags&post=295819"}],"curies":[{"name":"wp","href":"https:\/\/api.w.org\/{rel}","templated":true}]}}