{"id":295826,"date":"2026-09-04T11:25:22","date_gmt":"2026-09-04T11:25:22","guid":{"rendered":"https:\/\/tarimhaber.com\/?p=295826"},"modified":"2026-09-04T11:25:22","modified_gmt":"2026-09-04T11:25:22","slug":"karacabey-ovasinda-ureticinin-isyani-canimiz-cikti-herkes-kan-agliyor-cigerimiz-yaniyor","status":"publish","type":"post","link":"https:\/\/tarimhaber.com\/?p=295826","title":{"rendered":"Karacabey Ovas\u0131&apos;nda \u00fcreticinin isyan\u0131: Can\u0131m\u0131z \u00e7\u0131kt\u0131! Herkes kan a\u011fl\u0131yor, ci\u011ferimiz yan\u0131yor"},"content":{"rendered":"<p>\u0130stanbul&#8217;da pazarda 25-30 liraya sat\u0131lan sal\u00e7al\u0131k domatesin, tarlada 3,5-4 liraya kadar gerilemesi \u00fcreticileri isyan ettirdi. Karacabey Ovas\u0131&#8217;nda ANKA&#8217;ya konu\u015fan \u00fcreticiler &#8220;Can\u0131m\u0131z \u00e7\u0131kt\u0131! Herkes kan a\u011fl\u0131yor! Ci\u011ferimiz yan\u0131yor! Bu enkaz\u0131n alt\u0131ndan biz kalkamay\u0131z. Tar\u0131m Bakanl\u0131\u011f\u0131, Ticaret Bakanl\u0131\u011f\u0131&#8230;\u00a0Gelsin bizim bor\u00e7lar\u0131m\u0131z\u0131 nas\u0131l yap\u0131yorsa yaps\u0131n, halletsin&#8230; G\u00fcneydo\u011fu&#8217;dan buraya i\u015f\u00e7i gelmi\u015f, \u00e7al\u0131\u015ft\u0131rm\u0131\u015f\u0131z, tarlada domates toplat\u0131yoruz, onlar\u0131n paras\u0131n\u0131 \u00f6deyemiyoruz. \u0130\u015f\u00e7i demek bir al\u0131n teri, al\u0131n terini veremiyorum. Nas\u0131l verece\u011fim?&#8221; diye dert yand\u0131.<\/p>\n<p>Kaynak: <a href=\"https:\/\/www.haberler.com\/guncel\/karacabey-ovasi-nda-ureticinin-isyani-canimiz-20206790-haberi\/\" target=\"_blank\" class=\"feedzy-rss-link-icon\">Read More<\/a><\/p>","protected":false},"excerpt":{"rendered":"<p>\u0130stanbul&#8217;da pazarda 25-30 liraya sat\u0131lan sal\u00e7al\u0131k domatesin, tarlada 3,5-4 liraya kadar gerilemesi \u00fcreticileri isyan ettirdi. Karacabey Ovas\u0131&#8217;nda ANKA&#8217;ya konu\u015fan \u00fcreticiler &#8220;Can\u0131m\u0131z \u00e7\u0131kt\u0131! Herkes kan a\u011fl\u0131yor! Ci\u011ferimiz yan\u0131yor! Bu enkaz\u0131n alt\u0131ndan&hellip;<\/p>\n","protected":false},"author":0,"featured_media":295827,"comment_status":"open","ping_status":"open","sticky":false,"template":"","format":"standard","meta":{"footnotes":""},"categories":[4200],"tags":[],"class_list":["post-295826","post","type-post","status-publish","format-standard","has-post-thumbnail","hentry","category-guncel-haberler"],"_links":{"self":[{"href":"https:\/\/tarimhaber.com\/index.php?rest_route=\/wp\/v2\/posts\/295826","targetHints":{"allow":["GET"]}}],"collection":[{"href":"https:\/\/tarimhaber.com\/index.php?rest_route=\/wp\/v2\/posts"}],"about":[{"href":"https:\/\/tarimhaber.com\/index.php?rest_route=\/wp\/v2\/types\/post"}],"replies":[{"embeddable":true,"href":"https:\/\/tarimhaber.com\/index.php?rest_route=%2Fwp%2Fv2%2Fcomments&post=295826"}],"version-history":[{"count":0,"href":"https:\/\/tarimhaber.com\/index.php?rest_route=\/wp\/v2\/posts\/295826\/revisions"}],"wp:featuredmedia":[{"embeddable":true,"href":"https:\/\/tarimhaber.com\/index.php?rest_route=\/wp\/v2\/media\/295827"}],"wp:attachment":[{"href":"https:\/\/tarimhaber.com\/index.php?rest_route=%2Fwp%2Fv2%2Fmedia&parent=295826"}],"wp:term":[{"taxonomy":"category","embeddable":true,"href":"https:\/\/tarimhaber.com\/index.php?rest_route=%2Fwp%2Fv2%2Fcategories&post=295826"},{"taxonomy":"post_tag","embeddable":true,"href":"https:\/\/tarimhaber.com\/index.php?rest_route=%2Fwp%2Fv2%2Ftags&post=295826"}],"curies":[{"name":"wp","href":"https:\/\/api.w.org\/{rel}","templated":true}]}}