{"id":295828,"date":"2026-09-04T11:25:24","date_gmt":"2026-09-04T11:25:24","guid":{"rendered":"https:\/\/tarimhaber.com\/?p=295828"},"modified":"2026-09-04T11:25:24","modified_gmt":"2026-09-04T11:25:24","slug":"bakan-yumakli-107-yil-once-istiklal-icin-ayaga-kalkan-turkiye-bugun-istikbalini-insa-ediyor","status":"publish","type":"post","link":"https:\/\/tarimhaber.com\/?p=295828","title":{"rendered":"Bakan Yumakl\u0131: 107 Y\u0131l \u00d6nce \u0130stiklal \u0130\u00e7in Aya\u011fa Kalkan T\u00fcrkiye, Bug\u00fcn \u0130stikbalini \u0130n\u015fa Ediyor"},"content":{"rendered":"<p>Tar\u0131m ve Orman Bakan\u0131 \u0130brahim Yumakl\u0131, Sivas Kongresi&#8217;nin 107&#8217;nci y\u0131l d\u00f6n\u00fcm\u00fc etkinliklerinde yapt\u0131\u011f\u0131 konu\u015fmada, 107 y\u0131l \u00f6nce istiklal i\u00e7in aya\u011fa kalkan T\u00fcrkiye&#8217;nin bug\u00fcn istikbalini in\u015fa etti\u011fini belirtti. Yumakl\u0131, g\u00fc\u00e7l\u00fc ve ba\u011f\u0131ms\u0131z bir T\u00fcrkiye i\u00e7in g\u00fc\u00e7l\u00fc bir tar\u0131m ve g\u00fcvenilir g\u0131da arz\u0131n\u0131n gereklili\u011fine dikkat \u00e7ekti. T\u00f6rende TBMM AK Parti Grup Ba\u015fkan\u0131 Abdullah G\u00fcler de konu\u015fma yaparak, k\u00fcresel risklere ve ter\u00f6rs\u00fcz T\u00fcrkiye hedefine de\u011findi.<\/p>\n<p>Kaynak: <a href=\"https:\/\/www.haberler.com\/guncel\/bakan-yumakli-107-yil-once-istiklal-icin-ayaga-20206623-haberi\/\" target=\"_blank\" class=\"feedzy-rss-link-icon\">Read More<\/a><\/p>","protected":false},"excerpt":{"rendered":"<p>Tar\u0131m ve Orman Bakan\u0131 \u0130brahim Yumakl\u0131, Sivas Kongresi&#8217;nin 107&#8217;nci y\u0131l d\u00f6n\u00fcm\u00fc etkinliklerinde yapt\u0131\u011f\u0131 konu\u015fmada, 107 y\u0131l \u00f6nce istiklal i\u00e7in aya\u011fa kalkan T\u00fcrkiye&#8217;nin bug\u00fcn istikbalini in\u015fa etti\u011fini belirtti. Yumakl\u0131, g\u00fc\u00e7l\u00fc ve&hellip;<\/p>\n","protected":false},"author":0,"featured_media":295829,"comment_status":"open","ping_status":"open","sticky":false,"template":"","format":"standard","meta":{"footnotes":""},"categories":[4200],"tags":[],"class_list":["post-295828","post","type-post","status-publish","format-standard","has-post-thumbnail","hentry","category-guncel-haberler"],"_links":{"self":[{"href":"https:\/\/tarimhaber.com\/index.php?rest_route=\/wp\/v2\/posts\/295828","targetHints":{"allow":["GET"]}}],"collection":[{"href":"https:\/\/tarimhaber.com\/index.php?rest_route=\/wp\/v2\/posts"}],"about":[{"href":"https:\/\/tarimhaber.com\/index.php?rest_route=\/wp\/v2\/types\/post"}],"replies":[{"embeddable":true,"href":"https:\/\/tarimhaber.com\/index.php?rest_route=%2Fwp%2Fv2%2Fcomments&post=295828"}],"version-history":[{"count":0,"href":"https:\/\/tarimhaber.com\/index.php?rest_route=\/wp\/v2\/posts\/295828\/revisions"}],"wp:featuredmedia":[{"embeddable":true,"href":"https:\/\/tarimhaber.com\/index.php?rest_route=\/wp\/v2\/media\/295829"}],"wp:attachment":[{"href":"https:\/\/tarimhaber.com\/index.php?rest_route=%2Fwp%2Fv2%2Fmedia&parent=295828"}],"wp:term":[{"taxonomy":"category","embeddable":true,"href":"https:\/\/tarimhaber.com\/index.php?rest_route=%2Fwp%2Fv2%2Fcategories&post=295828"},{"taxonomy":"post_tag","embeddable":true,"href":"https:\/\/tarimhaber.com\/index.php?rest_route=%2Fwp%2Fv2%2Ftags&post=295828"}],"curies":[{"name":"wp","href":"https:\/\/api.w.org\/{rel}","templated":true}]}}