{"id":295841,"date":"2026-09-04T12:25:45","date_gmt":"2026-09-04T12:25:45","guid":{"rendered":"http:\/\/tarimhaber.com\/?p=295841"},"modified":"2026-09-04T12:25:45","modified_gmt":"2026-09-04T12:25:45","slug":"macaristanda-agustos-1901den-bu-yana-en-sicak-ay-olarak-kaydedildi","status":"publish","type":"post","link":"https:\/\/tarimhaber.com\/?p=295841","title":{"rendered":"Macaristan&apos;da A\u011fustos 1901&apos;den Bu Yana En S\u0131cak Ay Olarak Kaydedildi"},"content":{"rendered":"<p>Macaristan Meteoroloji Servisi, bu y\u0131l a\u011fustos ay\u0131nda ortalama s\u0131cakl\u0131\u011f\u0131n 24,9 santigrat dereceye ula\u015ft\u0131\u011f\u0131n\u0131 ve bunun 1901&#8217;den beri \u00fclkede kaydedilen en s\u0131cak ay oldu\u011funu a\u00e7\u0131klad\u0131. Uzun s\u00fcren kurakl\u0131k tar\u0131m sekt\u00f6r\u00fcn\u00fc olumsuz etkilerken, Macaristan Merkezi \u0130statistik Ofisi verilerine g\u00f6re tar\u0131msal katma de\u011fer y\u0131l\u0131n ikinci \u00e7eyre\u011finde ge\u00e7en y\u0131l\u0131n ayn\u0131 d\u00f6nemine k\u0131yasla y\u00fczde 12,4 azald\u0131.<\/p>\n<p>Kaynak: <a href=\"https:\/\/www.haberler.com\/guncel\/album-macaristan-da-devam-eden-kuraklik-tarim-20206387-haberi\/\" target=\"_blank\" class=\"feedzy-rss-link-icon\">Read More<\/a><\/p>","protected":false},"excerpt":{"rendered":"<p>Macaristan Meteoroloji Servisi, bu y\u0131l a\u011fustos ay\u0131nda ortalama s\u0131cakl\u0131\u011f\u0131n 24,9 santigrat dereceye ula\u015ft\u0131\u011f\u0131n\u0131 ve bunun 1901&#8217;den beri \u00fclkede kaydedilen en s\u0131cak ay oldu\u011funu a\u00e7\u0131klad\u0131. Uzun s\u00fcren kurakl\u0131k tar\u0131m sekt\u00f6r\u00fcn\u00fc olumsuz&hellip;<\/p>\n","protected":false},"author":0,"featured_media":295842,"comment_status":"open","ping_status":"open","sticky":false,"template":"","format":"standard","meta":{"footnotes":""},"categories":[4200],"tags":[],"class_list":["post-295841","post","type-post","status-publish","format-standard","has-post-thumbnail","hentry","category-guncel-haberler"],"_links":{"self":[{"href":"https:\/\/tarimhaber.com\/index.php?rest_route=\/wp\/v2\/posts\/295841","targetHints":{"allow":["GET"]}}],"collection":[{"href":"https:\/\/tarimhaber.com\/index.php?rest_route=\/wp\/v2\/posts"}],"about":[{"href":"https:\/\/tarimhaber.com\/index.php?rest_route=\/wp\/v2\/types\/post"}],"replies":[{"embeddable":true,"href":"https:\/\/tarimhaber.com\/index.php?rest_route=%2Fwp%2Fv2%2Fcomments&post=295841"}],"version-history":[{"count":0,"href":"https:\/\/tarimhaber.com\/index.php?rest_route=\/wp\/v2\/posts\/295841\/revisions"}],"wp:featuredmedia":[{"embeddable":true,"href":"https:\/\/tarimhaber.com\/index.php?rest_route=\/wp\/v2\/media\/295842"}],"wp:attachment":[{"href":"https:\/\/tarimhaber.com\/index.php?rest_route=%2Fwp%2Fv2%2Fmedia&parent=295841"}],"wp:term":[{"taxonomy":"category","embeddable":true,"href":"https:\/\/tarimhaber.com\/index.php?rest_route=%2Fwp%2Fv2%2Fcategories&post=295841"},{"taxonomy":"post_tag","embeddable":true,"href":"https:\/\/tarimhaber.com\/index.php?rest_route=%2Fwp%2Fv2%2Ftags&post=295841"}],"curies":[{"name":"wp","href":"https:\/\/api.w.org\/{rel}","templated":true}]}}