{"id":295865,"date":"2026-09-04T15:25:36","date_gmt":"2026-09-04T15:25:36","guid":{"rendered":"https:\/\/tarimhaber.com\/?p=295865"},"modified":"2026-09-04T15:25:36","modified_gmt":"2026-09-04T15:25:36","slug":"altin-neden-dustu-4-eylul-2026-son-dakika-altin-neden-dusuyor-ne-oldu","status":"publish","type":"post","link":"https:\/\/tarimhaber.com\/?p=295865","title":{"rendered":"Alt\u0131n neden d\u00fc\u015ft\u00fc? 4 Eyl\u00fcl 2026 SON DAK\u0130KA alt\u0131n neden d\u00fc\u015f\u00fcyor, ne oldu?"},"content":{"rendered":"<p>ABD \u00c7al\u0131\u015fma Bakanl\u0131\u011f\u0131, a\u011fustos ay\u0131na ili\u015fkin istihdam raporunu a\u00e7\u0131klad\u0131. Alt\u0131n neden d\u00fc\u015ft\u00fc? Tar\u0131m d\u0131\u015f\u0131 istihdam\u0131n piyasa beklentilerinin olduk\u00e7a \u00fczerinde artmas\u0131 ve i\u015fsizlik oran\u0131n\u0131n y\u00fczde 4,1 seviyesinde sabit kalmas\u0131 dikkat \u00e7ekti. Verilerin a\u00e7\u0131klanmas\u0131n\u0131n ard\u0131ndan ons alt\u0131n fiyatlar\u0131nda sert bir gerileme ya\u015fan\u0131rken, yurt i\u00e7i piyasalarda gram alt\u0131n da bu gerilemeden pay\u0131n\u0131 ald\u0131.<\/p>\n<p>Kaynak: <a href=\"https:\/\/www.haberler.com\/haber\/altin-neden-dustu-4-eylul-2026-son-dakika-altin-20207886-haberi\/\" target=\"_blank\" class=\"feedzy-rss-link-icon\">Read More<\/a><\/p>","protected":false},"excerpt":{"rendered":"<p>ABD \u00c7al\u0131\u015fma Bakanl\u0131\u011f\u0131, a\u011fustos ay\u0131na ili\u015fkin istihdam raporunu a\u00e7\u0131klad\u0131. Alt\u0131n neden d\u00fc\u015ft\u00fc? Tar\u0131m d\u0131\u015f\u0131 istihdam\u0131n piyasa beklentilerinin olduk\u00e7a \u00fczerinde artmas\u0131 ve i\u015fsizlik oran\u0131n\u0131n y\u00fczde 4,1 seviyesinde sabit kalmas\u0131 dikkat \u00e7ekti.&hellip;<\/p>\n","protected":false},"author":0,"featured_media":295866,"comment_status":"open","ping_status":"open","sticky":false,"template":"","format":"standard","meta":{"footnotes":""},"categories":[4200],"tags":[],"class_list":["post-295865","post","type-post","status-publish","format-standard","has-post-thumbnail","hentry","category-guncel-haberler"],"_links":{"self":[{"href":"https:\/\/tarimhaber.com\/index.php?rest_route=\/wp\/v2\/posts\/295865","targetHints":{"allow":["GET"]}}],"collection":[{"href":"https:\/\/tarimhaber.com\/index.php?rest_route=\/wp\/v2\/posts"}],"about":[{"href":"https:\/\/tarimhaber.com\/index.php?rest_route=\/wp\/v2\/types\/post"}],"replies":[{"embeddable":true,"href":"https:\/\/tarimhaber.com\/index.php?rest_route=%2Fwp%2Fv2%2Fcomments&post=295865"}],"version-history":[{"count":0,"href":"https:\/\/tarimhaber.com\/index.php?rest_route=\/wp\/v2\/posts\/295865\/revisions"}],"wp:featuredmedia":[{"embeddable":true,"href":"https:\/\/tarimhaber.com\/index.php?rest_route=\/wp\/v2\/media\/295866"}],"wp:attachment":[{"href":"https:\/\/tarimhaber.com\/index.php?rest_route=%2Fwp%2Fv2%2Fmedia&parent=295865"}],"wp:term":[{"taxonomy":"category","embeddable":true,"href":"https:\/\/tarimhaber.com\/index.php?rest_route=%2Fwp%2Fv2%2Fcategories&post=295865"},{"taxonomy":"post_tag","embeddable":true,"href":"https:\/\/tarimhaber.com\/index.php?rest_route=%2Fwp%2Fv2%2Ftags&post=295865"}],"curies":[{"name":"wp","href":"https:\/\/api.w.org\/{rel}","templated":true}]}}