{"id":295867,"date":"2026-09-04T15:25:38","date_gmt":"2026-09-04T15:25:38","guid":{"rendered":"https:\/\/tarimhaber.com\/?p=295867"},"modified":"2026-09-04T15:25:38","modified_gmt":"2026-09-04T15:25:38","slug":"usakta-tarim-ve-hayvancilik-icin-ureticilere-saha-ziyaretleri","status":"publish","type":"post","link":"https:\/\/tarimhaber.com\/?p=295867","title":{"rendered":"U\u015fak&apos;ta Tar\u0131m ve Hayvanc\u0131l\u0131k \u0130\u00e7in \u00dcreticilere Saha Ziyaretleri"},"content":{"rendered":"<p>U\u015fak \u0130l Tar\u0131m ve Orman M\u00fcd\u00fcrl\u00fc\u011f\u00fc ekipleri, k\u00f6ylerde \u00fcreticileri ziyaret ederek hayvan sa\u011fl\u0131\u011f\u0131, besleme, s\u00fcr\u00fc y\u00f6netimi ve biyog\u00fcvenlik konular\u0131nda bilgilendirme yap\u0131yor. Ayr\u0131ca tar\u0131msal \u00fcretim s\u00fcre\u00e7leri ve desteklemeler hakk\u0131nda bilgi veren ekipler, \u00fcreticilerin sorun ve taleplerini dinleyerek \u00e7\u00f6z\u00fcm \u00f6nerileri sunuyor. S\u00fcrd\u00fcr\u00fclebilir \u00fcretim ve k\u0131rsal kalk\u0131nma amac\u0131yla saha \u00e7al\u0131\u015fmalar\u0131n\u0131n devam edece\u011fi belirtildi.<\/p>\n<p>Kaynak: <a href=\"https:\/\/www.haberler.com\/yerel\/usak-il-tarim-ve-orman-mudurlugu-personelleri-20207854-haberi\/\" target=\"_blank\" class=\"feedzy-rss-link-icon\">Read More<\/a><\/p>","protected":false},"excerpt":{"rendered":"<p>U\u015fak \u0130l Tar\u0131m ve Orman M\u00fcd\u00fcrl\u00fc\u011f\u00fc ekipleri, k\u00f6ylerde \u00fcreticileri ziyaret ederek hayvan sa\u011fl\u0131\u011f\u0131, besleme, s\u00fcr\u00fc y\u00f6netimi ve biyog\u00fcvenlik konular\u0131nda bilgilendirme yap\u0131yor. Ayr\u0131ca tar\u0131msal \u00fcretim s\u00fcre\u00e7leri ve desteklemeler hakk\u0131nda bilgi veren&hellip;<\/p>\n","protected":false},"author":0,"featured_media":295868,"comment_status":"open","ping_status":"open","sticky":false,"template":"","format":"standard","meta":{"footnotes":""},"categories":[4200],"tags":[],"class_list":["post-295867","post","type-post","status-publish","format-standard","has-post-thumbnail","hentry","category-guncel-haberler"],"_links":{"self":[{"href":"https:\/\/tarimhaber.com\/index.php?rest_route=\/wp\/v2\/posts\/295867","targetHints":{"allow":["GET"]}}],"collection":[{"href":"https:\/\/tarimhaber.com\/index.php?rest_route=\/wp\/v2\/posts"}],"about":[{"href":"https:\/\/tarimhaber.com\/index.php?rest_route=\/wp\/v2\/types\/post"}],"replies":[{"embeddable":true,"href":"https:\/\/tarimhaber.com\/index.php?rest_route=%2Fwp%2Fv2%2Fcomments&post=295867"}],"version-history":[{"count":0,"href":"https:\/\/tarimhaber.com\/index.php?rest_route=\/wp\/v2\/posts\/295867\/revisions"}],"wp:featuredmedia":[{"embeddable":true,"href":"https:\/\/tarimhaber.com\/index.php?rest_route=\/wp\/v2\/media\/295868"}],"wp:attachment":[{"href":"https:\/\/tarimhaber.com\/index.php?rest_route=%2Fwp%2Fv2%2Fmedia&parent=295867"}],"wp:term":[{"taxonomy":"category","embeddable":true,"href":"https:\/\/tarimhaber.com\/index.php?rest_route=%2Fwp%2Fv2%2Fcategories&post=295867"},{"taxonomy":"post_tag","embeddable":true,"href":"https:\/\/tarimhaber.com\/index.php?rest_route=%2Fwp%2Fv2%2Ftags&post=295867"}],"curies":[{"name":"wp","href":"https:\/\/api.w.org\/{rel}","templated":true}]}}