{"id":295871,"date":"2026-09-04T15:25:41","date_gmt":"2026-09-04T15:25:41","guid":{"rendered":"https:\/\/tarimhaber.com\/?p=295871"},"modified":"2026-09-04T15:25:41","modified_gmt":"2026-09-04T15:25:41","slug":"tarim-ve-orman-bakani-yumakli-450-milyon-tl-tarimsal-destek-odemesi-hesaplara-aktariliyor","status":"publish","type":"post","link":"https:\/\/tarimhaber.com\/?p=295871","title":{"rendered":"Tar\u0131m ve Orman Bakan\u0131 Yumakl\u0131: 450 milyon TL tar\u0131msal destek \u00f6demesi hesaplara aktar\u0131l\u0131yor"},"content":{"rendered":"<p>Tar\u0131m ve Orman Bakan\u0131 \u0130brahim Yumakl\u0131, 450 milyon TL tutar\u0131ndaki tar\u0131msal destek \u00f6demesinin \u00fcreticilerin hesaplar\u0131na aktar\u0131ld\u0131\u011f\u0131n\u0131 duyurdu. Bakan Yumakl\u0131, sosyal medya hesab\u0131ndan yapt\u0131\u011f\u0131 a\u00e7\u0131klamada, desteklerle \u00e7ift\u00e7ilerin yan\u0131nda olduklar\u0131n\u0131 belirterek \u00f6demenin hay\u0131rl\u0131 ve bereketli olmas\u0131n\u0131 diledi.<\/p>\n<p>Kaynak: <a href=\"https:\/\/www.haberler.com\/ekonomi\/ureticilere-450-milyon-tl-tarimsal-destek-20207620-haberi\/\" target=\"_blank\" class=\"feedzy-rss-link-icon\">Read More<\/a><\/p>","protected":false},"excerpt":{"rendered":"<p>Tar\u0131m ve Orman Bakan\u0131 \u0130brahim Yumakl\u0131, 450 milyon TL tutar\u0131ndaki tar\u0131msal destek \u00f6demesinin \u00fcreticilerin hesaplar\u0131na aktar\u0131ld\u0131\u011f\u0131n\u0131 duyurdu. Bakan Yumakl\u0131, sosyal medya hesab\u0131ndan yapt\u0131\u011f\u0131 a\u00e7\u0131klamada, desteklerle \u00e7ift\u00e7ilerin yan\u0131nda olduklar\u0131n\u0131 belirterek \u00f6demenin&hellip;<\/p>\n","protected":false},"author":0,"featured_media":295872,"comment_status":"open","ping_status":"open","sticky":false,"template":"","format":"standard","meta":{"footnotes":""},"categories":[4200],"tags":[],"class_list":["post-295871","post","type-post","status-publish","format-standard","has-post-thumbnail","hentry","category-guncel-haberler"],"_links":{"self":[{"href":"https:\/\/tarimhaber.com\/index.php?rest_route=\/wp\/v2\/posts\/295871","targetHints":{"allow":["GET"]}}],"collection":[{"href":"https:\/\/tarimhaber.com\/index.php?rest_route=\/wp\/v2\/posts"}],"about":[{"href":"https:\/\/tarimhaber.com\/index.php?rest_route=\/wp\/v2\/types\/post"}],"replies":[{"embeddable":true,"href":"https:\/\/tarimhaber.com\/index.php?rest_route=%2Fwp%2Fv2%2Fcomments&post=295871"}],"version-history":[{"count":0,"href":"https:\/\/tarimhaber.com\/index.php?rest_route=\/wp\/v2\/posts\/295871\/revisions"}],"wp:featuredmedia":[{"embeddable":true,"href":"https:\/\/tarimhaber.com\/index.php?rest_route=\/wp\/v2\/media\/295872"}],"wp:attachment":[{"href":"https:\/\/tarimhaber.com\/index.php?rest_route=%2Fwp%2Fv2%2Fmedia&parent=295871"}],"wp:term":[{"taxonomy":"category","embeddable":true,"href":"https:\/\/tarimhaber.com\/index.php?rest_route=%2Fwp%2Fv2%2Fcategories&post=295871"},{"taxonomy":"post_tag","embeddable":true,"href":"https:\/\/tarimhaber.com\/index.php?rest_route=%2Fwp%2Fv2%2Ftags&post=295871"}],"curies":[{"name":"wp","href":"https:\/\/api.w.org\/{rel}","templated":true}]}}