{"id":295987,"date":"2026-09-05T09:25:27","date_gmt":"2026-09-05T09:25:27","guid":{"rendered":"http:\/\/tarimhaber.com\/?p=295987"},"modified":"2026-09-05T09:25:27","modified_gmt":"2026-09-05T09:25:27","slug":"cizrede-gida-denetimleri-araliksiz-suruyor","status":"publish","type":"post","link":"https:\/\/tarimhaber.com\/?p=295987","title":{"rendered":"Cizre&apos;de G\u0131da Denetimleri Aral\u0131ks\u0131z S\u00fcr\u00fcyor"},"content":{"rendered":"<p>\u015e\u0131rnak&#8217;\u0131n Cizre il\u00e7esinde, \u0130l\u00e7e Tar\u0131m ve Orman M\u00fcd\u00fcrl\u00fc\u011f\u00fc ekipleri halk sa\u011fl\u0131\u011f\u0131n\u0131 korumak ve g\u00fcvenilir g\u0131da arz\u0131n\u0131 sa\u011flamak amac\u0131yla g\u0131da i\u015fletmelerine y\u00f6nelik denetimlerini s\u00fcrd\u00fcr\u00fcyor. 5996 say\u0131l\u0131 Kanun kapsam\u0131nda yap\u0131lan kontrollerde hijyen \u015fartlar\u0131, son t\u00fcketim tarihleri ve muhafaza ko\u015fullar\u0131 titizlikle inceleniyor. Mevzuata ayk\u0131r\u0131 durumlarda idari i\u015flem uygulanaca\u011f\u0131 ve denetimlerin periyodik olarak devam edece\u011fi bildirildi.<\/p>\n<p>Kaynak: <a href=\"https:\/\/www.haberler.com\/saglik\/cizre-de-gida-isletmelerine-denetim-20209402-haberi\/\" target=\"_blank\" class=\"feedzy-rss-link-icon\">Read More<\/a><\/p>","protected":false},"excerpt":{"rendered":"<p>\u015e\u0131rnak&#8217;\u0131n Cizre il\u00e7esinde, \u0130l\u00e7e Tar\u0131m ve Orman M\u00fcd\u00fcrl\u00fc\u011f\u00fc ekipleri halk sa\u011fl\u0131\u011f\u0131n\u0131 korumak ve g\u00fcvenilir g\u0131da arz\u0131n\u0131 sa\u011flamak amac\u0131yla g\u0131da i\u015fletmelerine y\u00f6nelik denetimlerini s\u00fcrd\u00fcr\u00fcyor. 5996 say\u0131l\u0131 Kanun kapsam\u0131nda yap\u0131lan kontrollerde hijyen&hellip;<\/p>\n","protected":false},"author":0,"featured_media":295988,"comment_status":"open","ping_status":"open","sticky":false,"template":"","format":"standard","meta":{"footnotes":""},"categories":[4200],"tags":[],"class_list":["post-295987","post","type-post","status-publish","format-standard","has-post-thumbnail","hentry","category-guncel-haberler"],"_links":{"self":[{"href":"https:\/\/tarimhaber.com\/index.php?rest_route=\/wp\/v2\/posts\/295987","targetHints":{"allow":["GET"]}}],"collection":[{"href":"https:\/\/tarimhaber.com\/index.php?rest_route=\/wp\/v2\/posts"}],"about":[{"href":"https:\/\/tarimhaber.com\/index.php?rest_route=\/wp\/v2\/types\/post"}],"replies":[{"embeddable":true,"href":"https:\/\/tarimhaber.com\/index.php?rest_route=%2Fwp%2Fv2%2Fcomments&post=295987"}],"version-history":[{"count":0,"href":"https:\/\/tarimhaber.com\/index.php?rest_route=\/wp\/v2\/posts\/295987\/revisions"}],"wp:featuredmedia":[{"embeddable":true,"href":"https:\/\/tarimhaber.com\/index.php?rest_route=\/wp\/v2\/media\/295988"}],"wp:attachment":[{"href":"https:\/\/tarimhaber.com\/index.php?rest_route=%2Fwp%2Fv2%2Fmedia&parent=295987"}],"wp:term":[{"taxonomy":"category","embeddable":true,"href":"https:\/\/tarimhaber.com\/index.php?rest_route=%2Fwp%2Fv2%2Fcategories&post=295987"},{"taxonomy":"post_tag","embeddable":true,"href":"https:\/\/tarimhaber.com\/index.php?rest_route=%2Fwp%2Fv2%2Ftags&post=295987"}],"curies":[{"name":"wp","href":"https:\/\/api.w.org\/{rel}","templated":true}]}}