{"id":295989,"date":"2026-09-05T09:25:28","date_gmt":"2026-09-05T09:25:28","guid":{"rendered":"http:\/\/tarimhaber.com\/?p=295989"},"modified":"2026-09-05T09:25:28","modified_gmt":"2026-09-05T09:25:28","slug":"mustafa-nevzat-zayim-denizli-il-tarim-ve-orman-mudurlugu-gorevine-asaleten-atandi","status":"publish","type":"post","link":"https:\/\/tarimhaber.com\/?p=295989","title":{"rendered":"Mustafa Nevzat Zayim, Denizli \u0130l Tar\u0131m ve Orman M\u00fcd\u00fcrl\u00fc\u011f\u00fc G\u00f6revine Asaleten Atand\u0131"},"content":{"rendered":"<p>Yakla\u015f\u0131k bir y\u0131ld\u0131r Denizli \u0130l Tar\u0131m ve Orman M\u00fcd\u00fcrl\u00fc\u011f\u00fc g\u00f6revini y\u00fcr\u00fcten Mustafa Nevzat Zayim, Cumhurba\u015fkan\u0131 Recep Tayyip Erdo\u011fan&#8217;\u0131n tensipleri ve Tar\u0131m ve Orman Bakan\u0131 \u0130brahim Yumakl\u0131&#8217;n\u0131n takdirleriyle asaleten atand\u0131. Zayim, g\u00fcven ve g\u00f6rev i\u00e7in te\u015fekk\u00fcr ederek, Denizli i\u00e7in durmadan ve yorulmadan hizmete devam edeceklerini s\u00f6yledi.<\/p>\n<p>Kaynak: <a href=\"https:\/\/www.haberler.com\/politika\/denizli-tarim-ve-orman-il-muduru-mustafa-nevzat-20209227-haberi\/\" target=\"_blank\" class=\"feedzy-rss-link-icon\">Read More<\/a><\/p>","protected":false},"excerpt":{"rendered":"<p>Yakla\u015f\u0131k bir y\u0131ld\u0131r Denizli \u0130l Tar\u0131m ve Orman M\u00fcd\u00fcrl\u00fc\u011f\u00fc g\u00f6revini y\u00fcr\u00fcten Mustafa Nevzat Zayim, Cumhurba\u015fkan\u0131 Recep Tayyip Erdo\u011fan&#8217;\u0131n tensipleri ve Tar\u0131m ve Orman Bakan\u0131 \u0130brahim Yumakl\u0131&#8217;n\u0131n takdirleriyle asaleten atand\u0131. Zayim,&hellip;<\/p>\n","protected":false},"author":0,"featured_media":295990,"comment_status":"open","ping_status":"open","sticky":false,"template":"","format":"standard","meta":{"footnotes":""},"categories":[4200],"tags":[],"class_list":["post-295989","post","type-post","status-publish","format-standard","has-post-thumbnail","hentry","category-guncel-haberler"],"_links":{"self":[{"href":"https:\/\/tarimhaber.com\/index.php?rest_route=\/wp\/v2\/posts\/295989","targetHints":{"allow":["GET"]}}],"collection":[{"href":"https:\/\/tarimhaber.com\/index.php?rest_route=\/wp\/v2\/posts"}],"about":[{"href":"https:\/\/tarimhaber.com\/index.php?rest_route=\/wp\/v2\/types\/post"}],"replies":[{"embeddable":true,"href":"https:\/\/tarimhaber.com\/index.php?rest_route=%2Fwp%2Fv2%2Fcomments&post=295989"}],"version-history":[{"count":0,"href":"https:\/\/tarimhaber.com\/index.php?rest_route=\/wp\/v2\/posts\/295989\/revisions"}],"wp:featuredmedia":[{"embeddable":true,"href":"https:\/\/tarimhaber.com\/index.php?rest_route=\/wp\/v2\/media\/295990"}],"wp:attachment":[{"href":"https:\/\/tarimhaber.com\/index.php?rest_route=%2Fwp%2Fv2%2Fmedia&parent=295989"}],"wp:term":[{"taxonomy":"category","embeddable":true,"href":"https:\/\/tarimhaber.com\/index.php?rest_route=%2Fwp%2Fv2%2Fcategories&post=295989"},{"taxonomy":"post_tag","embeddable":true,"href":"https:\/\/tarimhaber.com\/index.php?rest_route=%2Fwp%2Fv2%2Ftags&post=295989"}],"curies":[{"name":"wp","href":"https:\/\/api.w.org\/{rel}","templated":true}]}}