{"id":295999,"date":"2026-09-05T10:26:05","date_gmt":"2026-09-05T10:26:05","guid":{"rendered":"http:\/\/tarimhaber.com\/?p=295999"},"modified":"2026-09-05T10:26:05","modified_gmt":"2026-09-05T10:26:05","slug":"soke-karina-dalyaninda-su-urunleri-denetimi-ve-balikcilarla-bulusma","status":"publish","type":"post","link":"https:\/\/tarimhaber.com\/?p=295999","title":{"rendered":"S\u00f6ke Karina Dalyan\u0131&apos;nda Su \u00dcr\u00fcnleri Denetimi ve Bal\u0131k\u00e7\u0131larla Bulu\u015fma"},"content":{"rendered":"<p>Ayd\u0131n \u0130l Tar\u0131m ve Orman M\u00fcd\u00fcrl\u00fc\u011f\u00fc ekipleri, S\u00f6ke&#8217;deki Karina (Dil G\u00f6l\u00fc) Dalyan\u0131&#8217;nda su \u00fcr\u00fcnleri faaliyetlerini denetledi. Kooperatif yetkilileri ve bal\u0131k\u00e7\u0131larla bir araya gelen ekipler, dalyan\u0131n durumu, \u00fcretim s\u00fcre\u00e7leri ve sekt\u00f6r sorunlar\u0131 hakk\u0131nda g\u00f6r\u00fc\u015f al\u0131\u015fveri\u015finde bulundu. \u0130l M\u00fcd\u00fcr\u00fc Ayhan Temiz, bal\u0131k\u00e7\u0131lara desteklerinin s\u00fcrece\u011fini belirterek, \u00fcretimin s\u00fcrd\u00fcr\u00fclebilirli\u011fi i\u00e7in yanlar\u0131nda olduklar\u0131n\u0131 ifade etti.<\/p>\n<p>Kaynak: <a href=\"https:\/\/www.haberler.com\/cevre\/karina-dalyani-nda-su-urunleri-denetimi-yapildi-20209559-haberi\/\" target=\"_blank\" class=\"feedzy-rss-link-icon\">Read More<\/a><\/p>","protected":false},"excerpt":{"rendered":"<p>Ayd\u0131n \u0130l Tar\u0131m ve Orman M\u00fcd\u00fcrl\u00fc\u011f\u00fc ekipleri, S\u00f6ke&#8217;deki Karina (Dil G\u00f6l\u00fc) Dalyan\u0131&#8217;nda su \u00fcr\u00fcnleri faaliyetlerini denetledi. Kooperatif yetkilileri ve bal\u0131k\u00e7\u0131larla bir araya gelen ekipler, dalyan\u0131n durumu, \u00fcretim s\u00fcre\u00e7leri ve sekt\u00f6r&hellip;<\/p>\n","protected":false},"author":0,"featured_media":296000,"comment_status":"open","ping_status":"open","sticky":false,"template":"","format":"standard","meta":{"footnotes":""},"categories":[4200],"tags":[],"class_list":["post-295999","post","type-post","status-publish","format-standard","has-post-thumbnail","hentry","category-guncel-haberler"],"_links":{"self":[{"href":"https:\/\/tarimhaber.com\/index.php?rest_route=\/wp\/v2\/posts\/295999","targetHints":{"allow":["GET"]}}],"collection":[{"href":"https:\/\/tarimhaber.com\/index.php?rest_route=\/wp\/v2\/posts"}],"about":[{"href":"https:\/\/tarimhaber.com\/index.php?rest_route=\/wp\/v2\/types\/post"}],"replies":[{"embeddable":true,"href":"https:\/\/tarimhaber.com\/index.php?rest_route=%2Fwp%2Fv2%2Fcomments&post=295999"}],"version-history":[{"count":0,"href":"https:\/\/tarimhaber.com\/index.php?rest_route=\/wp\/v2\/posts\/295999\/revisions"}],"wp:featuredmedia":[{"embeddable":true,"href":"https:\/\/tarimhaber.com\/index.php?rest_route=\/wp\/v2\/media\/296000"}],"wp:attachment":[{"href":"https:\/\/tarimhaber.com\/index.php?rest_route=%2Fwp%2Fv2%2Fmedia&parent=295999"}],"wp:term":[{"taxonomy":"category","embeddable":true,"href":"https:\/\/tarimhaber.com\/index.php?rest_route=%2Fwp%2Fv2%2Fcategories&post=295999"},{"taxonomy":"post_tag","embeddable":true,"href":"https:\/\/tarimhaber.com\/index.php?rest_route=%2Fwp%2Fv2%2Ftags&post=295999"}],"curies":[{"name":"wp","href":"https:\/\/api.w.org\/{rel}","templated":true}]}}