{"id":296020,"date":"2026-09-05T13:25:40","date_gmt":"2026-09-05T13:25:40","guid":{"rendered":"http:\/\/tarimhaber.com\/?p=296020"},"modified":"2026-09-05T13:25:40","modified_gmt":"2026-09-05T13:25:40","slug":"izmir-kinikta-ciftciler-artan-maliyetler-ve-dusuk-fiyatlar-uretimi-bitirdi","status":"publish","type":"post","link":"https:\/\/tarimhaber.com\/?p=296020","title":{"rendered":"\u0130zmir K\u0131n\u0131k\u2019ta \u00c7ift\u00e7iler: Artan Maliyetler ve D\u00fc\u015f\u00fck Fiyatlar \u00dcretimi Bitirdi"},"content":{"rendered":"<p>\u0130zmir K\u0131n\u0131k&#8217;ta \u00e7ift\u00e7iler, artan girdi maliyetleri ve d\u00fc\u015f\u00fck \u00fcr\u00fcn fiyatlar\u0131 nedeniyle \u00fcretimde zorland\u0131klar\u0131n\u0131 belirterek tepki g\u00f6sterdi. \u0130ktidar\u0131 ele\u015ftiren \u00e7ift\u00e7i, &#8220;Tar\u0131m politikas\u0131 tamamen T\u00fcrkiye&#8217;de tar\u0131m\u0131 bitirmek \u00fczere kurulmu\u015f bir sistem \u00fczerine \u00e7al\u0131\u015f\u0131yor. Biz de ayakta kalmaya \u00e7al\u0131\u015f\u0131yoruz ama dayanacak g\u00fcc\u00fcm\u00fcz kalmad\u0131&#8221; dedi.<\/p>\n<p>Kaynak: <a href=\"https:\/\/www.haberler.com\/yerel\/kinikli-ciftciler-turkiye-de-tarim-politikasi-20209667-haberi\/\" target=\"_blank\" class=\"feedzy-rss-link-icon\">Read More<\/a><\/p>","protected":false},"excerpt":{"rendered":"<p>\u0130zmir K\u0131n\u0131k&#8217;ta \u00e7ift\u00e7iler, artan girdi maliyetleri ve d\u00fc\u015f\u00fck \u00fcr\u00fcn fiyatlar\u0131 nedeniyle \u00fcretimde zorland\u0131klar\u0131n\u0131 belirterek tepki g\u00f6sterdi. \u0130ktidar\u0131 ele\u015ftiren \u00e7ift\u00e7i, &#8220;Tar\u0131m politikas\u0131 tamamen T\u00fcrkiye&#8217;de tar\u0131m\u0131 bitirmek \u00fczere kurulmu\u015f bir sistem \u00fczerine&hellip;<\/p>\n","protected":false},"author":0,"featured_media":296021,"comment_status":"open","ping_status":"open","sticky":false,"template":"","format":"standard","meta":{"footnotes":""},"categories":[4200],"tags":[],"class_list":["post-296020","post","type-post","status-publish","format-standard","has-post-thumbnail","hentry","category-guncel-haberler"],"_links":{"self":[{"href":"https:\/\/tarimhaber.com\/index.php?rest_route=\/wp\/v2\/posts\/296020","targetHints":{"allow":["GET"]}}],"collection":[{"href":"https:\/\/tarimhaber.com\/index.php?rest_route=\/wp\/v2\/posts"}],"about":[{"href":"https:\/\/tarimhaber.com\/index.php?rest_route=\/wp\/v2\/types\/post"}],"replies":[{"embeddable":true,"href":"https:\/\/tarimhaber.com\/index.php?rest_route=%2Fwp%2Fv2%2Fcomments&post=296020"}],"version-history":[{"count":0,"href":"https:\/\/tarimhaber.com\/index.php?rest_route=\/wp\/v2\/posts\/296020\/revisions"}],"wp:featuredmedia":[{"embeddable":true,"href":"https:\/\/tarimhaber.com\/index.php?rest_route=\/wp\/v2\/media\/296021"}],"wp:attachment":[{"href":"https:\/\/tarimhaber.com\/index.php?rest_route=%2Fwp%2Fv2%2Fmedia&parent=296020"}],"wp:term":[{"taxonomy":"category","embeddable":true,"href":"https:\/\/tarimhaber.com\/index.php?rest_route=%2Fwp%2Fv2%2Fcategories&post=296020"},{"taxonomy":"post_tag","embeddable":true,"href":"https:\/\/tarimhaber.com\/index.php?rest_route=%2Fwp%2Fv2%2Ftags&post=296020"}],"curies":[{"name":"wp","href":"https:\/\/api.w.org\/{rel}","templated":true}]}}