{"id":296120,"date":"2026-09-06T07:25:53","date_gmt":"2026-09-06T07:25:53","guid":{"rendered":"https:\/\/tarimhaber.com\/?p=296120"},"modified":"2026-09-06T07:25:53","modified_gmt":"2026-09-06T07:25:53","slug":"erzurumda-yerli-bugday-cesidi-parla-tanitildi-kisa-dayanikli-ve-yuksek-verimli","status":"publish","type":"post","link":"https:\/\/tarimhaber.com\/?p=296120","title":{"rendered":"Erzurum&apos;da Yerli Bu\u011fday \u00c7e\u015fidi &apos;PARLA&apos; Tan\u0131t\u0131ld\u0131: K\u0131\u015fa Dayan\u0131kl\u0131 ve Y\u00fcksek Verimli"},"content":{"rendered":"<p>Erzurum \u0130l Tar\u0131m ve Orman M\u00fcd\u00fcrl\u00fc\u011f\u00fc, Do\u011fu Anadolu&#8217;nun zorlu iklimine dayan\u0131kl\u0131, y\u00fcksek verimli yerli ekmeklik bu\u011fday \u00e7e\u015fidi PARLA&#8217;y\u0131 tan\u0131tt\u0131. Do\u011fu Anadolu Tar\u0131msal Ara\u015ft\u0131rma Enstit\u00fcs\u00fc taraf\u0131ndan geli\u015ftirilen bu \u00e7e\u015fit, 2026 \u00fcretim sezonunda kalite ve verimi art\u0131rmay\u0131 hedefliyor. Aziziye il\u00e7esinde denenen PARLA, k\u0131\u015f so\u011fuklar\u0131na kar\u015f\u0131 y\u00fcksek diren\u00e7 g\u00f6stererek b\u00f6lge \u00e7ift\u00e7isi i\u00e7in umut kayna\u011f\u0131 oldu.<\/p>\n<p>Kaynak: <a href=\"https:\/\/www.haberler.com\/ekonomi\/yerli-bugday-parla-soguklara-meydan-okuyor-20211440-haberi\/\" target=\"_blank\" class=\"feedzy-rss-link-icon\">Read More<\/a><\/p>","protected":false},"excerpt":{"rendered":"<p>Erzurum \u0130l Tar\u0131m ve Orman M\u00fcd\u00fcrl\u00fc\u011f\u00fc, Do\u011fu Anadolu&#8217;nun zorlu iklimine dayan\u0131kl\u0131, y\u00fcksek verimli yerli ekmeklik bu\u011fday \u00e7e\u015fidi PARLA&#8217;y\u0131 tan\u0131tt\u0131. Do\u011fu Anadolu Tar\u0131msal Ara\u015ft\u0131rma Enstit\u00fcs\u00fc taraf\u0131ndan geli\u015ftirilen bu \u00e7e\u015fit, 2026 \u00fcretim&hellip;<\/p>\n","protected":false},"author":0,"featured_media":296121,"comment_status":"open","ping_status":"open","sticky":false,"template":"","format":"standard","meta":{"footnotes":""},"categories":[4200],"tags":[],"class_list":["post-296120","post","type-post","status-publish","format-standard","has-post-thumbnail","hentry","category-guncel-haberler"],"_links":{"self":[{"href":"https:\/\/tarimhaber.com\/index.php?rest_route=\/wp\/v2\/posts\/296120","targetHints":{"allow":["GET"]}}],"collection":[{"href":"https:\/\/tarimhaber.com\/index.php?rest_route=\/wp\/v2\/posts"}],"about":[{"href":"https:\/\/tarimhaber.com\/index.php?rest_route=\/wp\/v2\/types\/post"}],"replies":[{"embeddable":true,"href":"https:\/\/tarimhaber.com\/index.php?rest_route=%2Fwp%2Fv2%2Fcomments&post=296120"}],"version-history":[{"count":0,"href":"https:\/\/tarimhaber.com\/index.php?rest_route=\/wp\/v2\/posts\/296120\/revisions"}],"wp:featuredmedia":[{"embeddable":true,"href":"https:\/\/tarimhaber.com\/index.php?rest_route=\/wp\/v2\/media\/296121"}],"wp:attachment":[{"href":"https:\/\/tarimhaber.com\/index.php?rest_route=%2Fwp%2Fv2%2Fmedia&parent=296120"}],"wp:term":[{"taxonomy":"category","embeddable":true,"href":"https:\/\/tarimhaber.com\/index.php?rest_route=%2Fwp%2Fv2%2Fcategories&post=296120"},{"taxonomy":"post_tag","embeddable":true,"href":"https:\/\/tarimhaber.com\/index.php?rest_route=%2Fwp%2Fv2%2Ftags&post=296120"}],"curies":[{"name":"wp","href":"https:\/\/api.w.org\/{rel}","templated":true}]}}