{"id":296176,"date":"2026-09-06T17:25:29","date_gmt":"2026-09-06T17:25:29","guid":{"rendered":"http:\/\/tarimhaber.com\/?p=296176"},"modified":"2026-09-06T17:25:29","modified_gmt":"2026-09-06T17:25:29","slug":"sanliurfada-tarim-iscilerini-tasiyan-minibus-kanalda-devrildi-19-yarali","status":"publish","type":"post","link":"https:\/\/tarimhaber.com\/?p=296176","title":{"rendered":"\u015eanl\u0131urfa&apos;da Tar\u0131m \u0130\u015f\u00e7ilerini Ta\u015f\u0131yan Minib\u00fcs Kanalda Devrildi: 19 Yaral\u0131"},"content":{"rendered":"<p>\u015eanl\u0131urfa&#8217;n\u0131n Ak\u00e7akale il\u00e7esinde tar\u0131m i\u015f\u00e7ilerini ta\u015f\u0131yan bir minib\u00fcs, s\u00fcr\u00fcc\u00fcs\u00fcn\u00fcn direksiyon hakimiyetini kaybetmesi sonucu sulama kanal\u0131na devrildi. Kazada aralar\u0131nda kad\u0131n ve \u00e7ocuklar\u0131n da bulundu\u011fu 19 ki\u015fi yaraland\u0131. Yaral\u0131lar \u00e7evredeki hastanelere kald\u0131r\u0131l\u0131rken, kaza nedeniyle karayolu bir s\u00fcre trafi\u011fe kapat\u0131ld\u0131, minib\u00fcs vin\u00e7 yard\u0131m\u0131yla \u00e7\u0131kar\u0131ld\u0131. Olayla ilgili soru\u015fturma ba\u015flat\u0131ld\u0131.<\/p>\n<p>Kaynak: <a href=\"https:\/\/www.haberler.com\/guncel\/sanliurfa-da-tarim-iscilerini-tasiyan-minibus-20212970-haberi\/\" target=\"_blank\" class=\"feedzy-rss-link-icon\">Read More<\/a><\/p>","protected":false},"excerpt":{"rendered":"<p>\u015eanl\u0131urfa&#8217;n\u0131n Ak\u00e7akale il\u00e7esinde tar\u0131m i\u015f\u00e7ilerini ta\u015f\u0131yan bir minib\u00fcs, s\u00fcr\u00fcc\u00fcs\u00fcn\u00fcn direksiyon hakimiyetini kaybetmesi sonucu sulama kanal\u0131na devrildi. Kazada aralar\u0131nda kad\u0131n ve \u00e7ocuklar\u0131n da bulundu\u011fu 19 ki\u015fi yaraland\u0131. Yaral\u0131lar \u00e7evredeki hastanelere kald\u0131r\u0131l\u0131rken,&hellip;<\/p>\n","protected":false},"author":0,"featured_media":296177,"comment_status":"open","ping_status":"open","sticky":false,"template":"","format":"standard","meta":{"footnotes":""},"categories":[4200],"tags":[],"class_list":["post-296176","post","type-post","status-publish","format-standard","has-post-thumbnail","hentry","category-guncel-haberler"],"_links":{"self":[{"href":"https:\/\/tarimhaber.com\/index.php?rest_route=\/wp\/v2\/posts\/296176","targetHints":{"allow":["GET"]}}],"collection":[{"href":"https:\/\/tarimhaber.com\/index.php?rest_route=\/wp\/v2\/posts"}],"about":[{"href":"https:\/\/tarimhaber.com\/index.php?rest_route=\/wp\/v2\/types\/post"}],"replies":[{"embeddable":true,"href":"https:\/\/tarimhaber.com\/index.php?rest_route=%2Fwp%2Fv2%2Fcomments&post=296176"}],"version-history":[{"count":0,"href":"https:\/\/tarimhaber.com\/index.php?rest_route=\/wp\/v2\/posts\/296176\/revisions"}],"wp:featuredmedia":[{"embeddable":true,"href":"https:\/\/tarimhaber.com\/index.php?rest_route=\/wp\/v2\/media\/296177"}],"wp:attachment":[{"href":"https:\/\/tarimhaber.com\/index.php?rest_route=%2Fwp%2Fv2%2Fmedia&parent=296176"}],"wp:term":[{"taxonomy":"category","embeddable":true,"href":"https:\/\/tarimhaber.com\/index.php?rest_route=%2Fwp%2Fv2%2Fcategories&post=296176"},{"taxonomy":"post_tag","embeddable":true,"href":"https:\/\/tarimhaber.com\/index.php?rest_route=%2Fwp%2Fv2%2Ftags&post=296176"}],"curies":[{"name":"wp","href":"https:\/\/api.w.org\/{rel}","templated":true}]}}