{"id":3300,"date":"2011-07-18T00:14:23","date_gmt":"2011-07-18T00:14:23","guid":{"rendered":"http:\/\/tarimhaber.com\/?p=3300"},"modified":"2011-07-18T00:14:23","modified_gmt":"2011-07-18T00:14:23","slug":"miras-arazide-bolunmeye-son","status":"publish","type":"post","link":"https:\/\/tarimhaber.com\/?p=3300","title":{"rendered":"Miras arazide b\u00f6l\u00fcnmeye son"},"content":{"rendered":"<p>Tar\u0131m Bakan\u0131 Eker, y\u0131llard\u0131r g\u00fcndemde olan ama bir t\u00fcrl\u00fc \u00f6n\u00fcne ge\u00e7ilemeyen `tar\u0131m arazilerinin b\u00f6l\u00fcnmesini` yasaklayacaklar\u0131n\u0131 s\u00f6yledi. \u015firket kurup birle\u015fenler de te\u015fvik alacak H\u00fck\u00fcmet, tar\u0131m arazilerinin miras yoluyla par\u00e7alanmas\u0131n\u0131 \u00f6nlemek i\u00e7in &#8230;<\/p>\n","protected":false},"excerpt":{"rendered":"<p>Tar\u0131m Bakan\u0131 Eker, y\u0131llard\u0131r g\u00fcndemde olan ama bir t\u00fcrl\u00fc \u00f6n\u00fcne ge\u00e7ilemeyen `tar\u0131m arazilerinin b\u00f6l\u00fcnmesini` yasaklayacaklar\u0131n\u0131 s\u00f6yledi. \u015firket kurup birle\u015fenler de te\u015fvik alacak H\u00fck\u00fcmet, tar\u0131m arazilerinin miras yoluyla par\u00e7alanmas\u0131n\u0131 \u00f6nlemek i\u00e7in&hellip;<\/p>\n","protected":false},"author":1,"featured_media":0,"comment_status":"open","ping_status":"open","sticky":false,"template":"","format":"standard","meta":{"footnotes":""},"categories":[2],"tags":[3025],"class_list":["post-3300","post","type-post","status-publish","format-standard","hentry","category-tarimgentr","tag-http-www-sabah-com-tr-ekonomi-2011-07-18-miras-arazide-bolunmeye-son"],"_links":{"self":[{"href":"https:\/\/tarimhaber.com\/index.php?rest_route=\/wp\/v2\/posts\/3300","targetHints":{"allow":["GET"]}}],"collection":[{"href":"https:\/\/tarimhaber.com\/index.php?rest_route=\/wp\/v2\/posts"}],"about":[{"href":"https:\/\/tarimhaber.com\/index.php?rest_route=\/wp\/v2\/types\/post"}],"author":[{"embeddable":true,"href":"https:\/\/tarimhaber.com\/index.php?rest_route=\/wp\/v2\/users\/1"}],"replies":[{"embeddable":true,"href":"https:\/\/tarimhaber.com\/index.php?rest_route=%2Fwp%2Fv2%2Fcomments&post=3300"}],"version-history":[{"count":0,"href":"https:\/\/tarimhaber.com\/index.php?rest_route=\/wp\/v2\/posts\/3300\/revisions"}],"wp:attachment":[{"href":"https:\/\/tarimhaber.com\/index.php?rest_route=%2Fwp%2Fv2%2Fmedia&parent=3300"}],"wp:term":[{"taxonomy":"category","embeddable":true,"href":"https:\/\/tarimhaber.com\/index.php?rest_route=%2Fwp%2Fv2%2Fcategories&post=3300"},{"taxonomy":"post_tag","embeddable":true,"href":"https:\/\/tarimhaber.com\/index.php?rest_route=%2Fwp%2Fv2%2Ftags&post=3300"}],"curies":[{"name":"wp","href":"https:\/\/api.w.org\/{rel}","templated":true}]}}