{"id":3336,"date":"2011-07-30T12:37:59","date_gmt":"2011-07-30T12:37:59","guid":{"rendered":"http:\/\/tarimhaber.com\/?p=3336"},"modified":"2011-07-30T12:37:59","modified_gmt":"2011-07-30T12:37:59","slug":"3-ulusal-tarim-ve-hayvancilik-fotograf-yarismasi-sonuclandi","status":"publish","type":"post","link":"https:\/\/tarimhaber.com\/?p=3336","title":{"rendered":"3. Ulusal Tar\u0131m Ve Hayvanc\u0131l\u0131k Foto\u011fraf Yar\u0131\u015fmas\u0131 Sonu\u00e7land\u0131"},"content":{"rendered":"<p>G\u0131da Tar\u0131m ve Hayvanc\u0131l\u0131k Bakanl\u0131\u011f\u0131`n\u0131n bu y\u0131l \u00fc\u00e7\u00fcnc\u00fcs\u00fcn\u00fc ger\u00e7ekle\u015ftirdi\u011fi Ulusal Foto\u011fraf Yar\u0131\u015fmas\u0131 sonu\u00e7land\u0131. Yar\u0131\u015fmada dereceye girenler j\u00fcri \u00fcyel&#8230; G\u0131da Tar\u0131m ve Hayvanc\u0131l\u0131k Bakanl\u0131\u011f\u0131`n\u0131n bu y\u0131l \u00fc\u00e7\u00fcnc\u00fcs\u00fcn\u00fc ger\u00e7ekle\u015ftirdi\u011fi Ulusal Foto\u011fraf &#8230;<\/p>\n","protected":false},"excerpt":{"rendered":"<p>G\u0131da Tar\u0131m ve Hayvanc\u0131l\u0131k Bakanl\u0131\u011f\u0131`n\u0131n bu y\u0131l \u00fc\u00e7\u00fcnc\u00fcs\u00fcn\u00fc ger\u00e7ekle\u015ftirdi\u011fi Ulusal Foto\u011fraf Yar\u0131\u015fmas\u0131 sonu\u00e7land\u0131. Yar\u0131\u015fmada dereceye girenler j\u00fcri \u00fcyel&#8230; G\u0131da Tar\u0131m ve Hayvanc\u0131l\u0131k Bakanl\u0131\u011f\u0131`n\u0131n bu y\u0131l \u00fc\u00e7\u00fcnc\u00fcs\u00fcn\u00fc ger\u00e7ekle\u015ftirdi\u011fi Ulusal Foto\u011fraf &#8230;<\/p>\n","protected":false},"author":1,"featured_media":0,"comment_status":"open","ping_status":"open","sticky":false,"template":"","format":"standard","meta":{"footnotes":""},"categories":[2],"tags":[1116],"class_list":["post-3336","post","type-post","status-publish","format-standard","hentry","category-tarimgentr","tag-http-www-haber50-com-3-ulusal-tarim-ve-hayvancilik-fotograf-yarismasi-sonuclandi-499811h-htm"],"_links":{"self":[{"href":"https:\/\/tarimhaber.com\/index.php?rest_route=\/wp\/v2\/posts\/3336","targetHints":{"allow":["GET"]}}],"collection":[{"href":"https:\/\/tarimhaber.com\/index.php?rest_route=\/wp\/v2\/posts"}],"about":[{"href":"https:\/\/tarimhaber.com\/index.php?rest_route=\/wp\/v2\/types\/post"}],"author":[{"embeddable":true,"href":"https:\/\/tarimhaber.com\/index.php?rest_route=\/wp\/v2\/users\/1"}],"replies":[{"embeddable":true,"href":"https:\/\/tarimhaber.com\/index.php?rest_route=%2Fwp%2Fv2%2Fcomments&post=3336"}],"version-history":[{"count":0,"href":"https:\/\/tarimhaber.com\/index.php?rest_route=\/wp\/v2\/posts\/3336\/revisions"}],"wp:attachment":[{"href":"https:\/\/tarimhaber.com\/index.php?rest_route=%2Fwp%2Fv2%2Fmedia&parent=3336"}],"wp:term":[{"taxonomy":"category","embeddable":true,"href":"https:\/\/tarimhaber.com\/index.php?rest_route=%2Fwp%2Fv2%2Fcategories&post=3336"},{"taxonomy":"post_tag","embeddable":true,"href":"https:\/\/tarimhaber.com\/index.php?rest_route=%2Fwp%2Fv2%2Ftags&post=3336"}],"curies":[{"name":"wp","href":"https:\/\/api.w.org\/{rel}","templated":true}]}}