{"id":3354,"date":"2011-08-04T14:02:42","date_gmt":"2011-08-04T14:02:42","guid":{"rendered":"http:\/\/tarimhaber.com\/?p=3354"},"modified":"2011-08-04T14:02:42","modified_gmt":"2011-08-04T14:02:42","slug":"aso-baskani-tarim-arazilerine-fabrika-kurulmamali","status":"publish","type":"post","link":"https:\/\/tarimhaber.com\/?p=3354","title":{"rendered":"ASO Ba\u015fkan\u0131: Tar\u0131m arazilerine fabrika kurulmamal\u0131"},"content":{"rendered":"<p>Ankara Sanayi Odas\u0131 (ASO) Ba\u015fkan\u0131 Nurettin \u00d6zdebir, tar\u0131m topraklar\u0131na sanayi tesisi kurulmas\u0131na kar\u015f\u0131 \u00e7\u0131kt\u0131. Ankara \u0131l Genel Meclisi\u2019nin davetlisi olarak, toplant\u0131ya kat\u0131lan Nurettin \u00d6zdebir, meclis \u00fcyelerine ASO ile ilgili bir bilgilendirme sunumu yapt\u0131. Konu\u015fmas\u0131nda, tar\u0131m arazilerinin hassasiyetle korunmas\u0131 gerekti\u011fini vurgulayan ASO Ba\u015fkan\u0131, Afrika`da ya\u015fanan a\u00e7l\u0131\u011fa i\u015faret ederek, tar\u0131m arazilerine kurulacak olan fabrikalar nedeniyle T\u00fcrkiye`nin de benzer s\u0131k\u0131nt\u0131lar ya\u015fayabilece\u011fini kaydetti. Baz\u0131 belediyelerin tar\u0131m arazileri \u00fczerinde yap\u0131la\u015fmaya izin vermesini ele\u015ftiren ASO Ba\u015fkan\u0131 \u00d6zdebir, \u201c2009\u2019da ya\u015fanan kriz olmasayd\u0131 d\u00fcnyan\u0131n g\u00fcndemi g\u0131da arz g\u00fcvenli\u011fi olacakt\u0131. Afrika\u2019n\u0131n ya\u015fad\u0131\u011f\u0131 durumu ileride bizler de ya\u015fayabiliriz.\u201d dedi. Sanayicinin en \u00f6nemli s\u0131k\u0131nt\u0131lar\u0131 aras\u0131nda nitelikli eleman bulamaman\u0131n ilk s\u0131rada geldi\u011fini anlatan \u00d6zdebir, \u201cBiz ASO olarak vas\u0131fl\u0131 i\u015f g\u00fcc\u00fc i\u00e7in kurslar a\u00e7\u0131yoruz. Ancak kursa kat\u0131lacak adam bulam\u0131yoruz. Bir diki\u015f makinesi operat\u00f6r\u00fc bulmakta bile zorluk \u00e7ekiyoruz.\u201d ifadelerini kulland\u0131. Ankara\u2019n\u0131n ihracat ve i\u015falat oranlar\u0131yla ilgili bilgileri de payla\u015fan ASO Ba\u015fkan\u0131, Ankara\u2019n\u0131n ge\u00e7en y\u0131l 5,6 milyar dolarl\u0131k ihracat ger\u00e7ekle\u015ftirdi\u011fini, bu y\u0131l\u0131n ilk 6 ay\u0131nda ise 3 milyar dolar\u0131n \u00fczerine \u00e7\u0131kt\u0131\u011f\u0131n\u0131 belirtti.<\/p>\n","protected":false},"excerpt":{"rendered":"<p>Ankara Sanayi Odas\u0131 (ASO) Ba\u015fkan\u0131 Nurettin \u00d6zdebir, tar\u0131m topraklar\u0131na sanayi tesisi kurulmas\u0131na kar\u015f\u0131 \u00e7\u0131kt\u0131. Ankara \u0131l Genel Meclisi\u2019nin davetlisi olarak, toplant\u0131ya kat\u0131lan Nurettin \u00d6zdebir, meclis \u00fcyelerine ASO ile ilgili bir&hellip;<\/p>\n","protected":false},"author":1,"featured_media":0,"comment_status":"open","ping_status":"open","sticky":false,"template":"","format":"standard","meta":{"footnotes":""},"categories":[2],"tags":[1165],"class_list":["post-3354","post","type-post","status-publish","format-standard","hentry","category-tarimgentr","tag-http-www-haberalemi-net-hd279539_aso-baskani-tarim-arazilerine-fabrika-kurulmamali-html"],"_links":{"self":[{"href":"https:\/\/tarimhaber.com\/index.php?rest_route=\/wp\/v2\/posts\/3354","targetHints":{"allow":["GET"]}}],"collection":[{"href":"https:\/\/tarimhaber.com\/index.php?rest_route=\/wp\/v2\/posts"}],"about":[{"href":"https:\/\/tarimhaber.com\/index.php?rest_route=\/wp\/v2\/types\/post"}],"author":[{"embeddable":true,"href":"https:\/\/tarimhaber.com\/index.php?rest_route=\/wp\/v2\/users\/1"}],"replies":[{"embeddable":true,"href":"https:\/\/tarimhaber.com\/index.php?rest_route=%2Fwp%2Fv2%2Fcomments&post=3354"}],"version-history":[{"count":0,"href":"https:\/\/tarimhaber.com\/index.php?rest_route=\/wp\/v2\/posts\/3354\/revisions"}],"wp:attachment":[{"href":"https:\/\/tarimhaber.com\/index.php?rest_route=%2Fwp%2Fv2%2Fmedia&parent=3354"}],"wp:term":[{"taxonomy":"category","embeddable":true,"href":"https:\/\/tarimhaber.com\/index.php?rest_route=%2Fwp%2Fv2%2Fcategories&post=3354"},{"taxonomy":"post_tag","embeddable":true,"href":"https:\/\/tarimhaber.com\/index.php?rest_route=%2Fwp%2Fv2%2Ftags&post=3354"}],"curies":[{"name":"wp","href":"https:\/\/api.w.org\/{rel}","templated":true}]}}