{"id":3376,"date":"2011-08-13T07:54:23","date_gmt":"2011-08-13T07:54:23","guid":{"rendered":"http:\/\/tarimhaber.com\/?p=3376"},"modified":"2011-08-13T07:54:23","modified_gmt":"2011-08-13T07:54:23","slug":"tarim-bakanligindan-mercimek-aciklamasi","status":"publish","type":"post","link":"https:\/\/tarimhaber.com\/?p=3376","title":{"rendered":"Tar\u0131m Bakanl\u0131\u011f\u0131`ndan `mercimek` a\u00e7\u0131klamas\u0131"},"content":{"rendered":"<p>&#8220;Mercimekte ila\u00e7 var&#8220; iddialar\u0131na y\u00f6nelik a\u00e7\u0131klama yapan Tar\u0131m Bakanl\u0131\u011f\u0131, mercimeklerin T\u00fcrkiye piyasas\u0131na girmedi\u011fini, serbest b\u00f6lgelerden \u00fc\u00e7\u00fcnc\u00fc \u00fclkelere ihracat\u0131n\u0131n ger\u00e7ekle\u015fti\u011fi i\u00e7in denetim d\u0131\u015f\u0131nda kald\u0131\u011f\u0131n\u0131 belirtti. ANKARA &#8211; G\u0131da, Tar\u0131m ve &#8230;<\/p>\n","protected":false},"excerpt":{"rendered":"<p>&#8220;Mercimekte ila\u00e7 var&#8220; iddialar\u0131na y\u00f6nelik a\u00e7\u0131klama yapan Tar\u0131m Bakanl\u0131\u011f\u0131, mercimeklerin T\u00fcrkiye piyasas\u0131na girmedi\u011fini, serbest b\u00f6lgelerden \u00fc\u00e7\u00fcnc\u00fc \u00fclkelere ihracat\u0131n\u0131n ger\u00e7ekle\u015fti\u011fi i\u00e7in denetim d\u0131\u015f\u0131nda kald\u0131\u011f\u0131n\u0131 belirtti. ANKARA &#8211; G\u0131da, Tar\u0131m ve &#8230;<\/p>\n","protected":false},"author":1,"featured_media":0,"comment_status":"open","ping_status":"open","sticky":false,"template":"","format":"standard","meta":{"footnotes":""},"categories":[2],"tags":[2826],"class_list":["post-3376","post","type-post","status-publish","format-standard","hentry","category-tarimgentr","tag-http-www-ntvmsnbc-com-id-25241102"],"_links":{"self":[{"href":"https:\/\/tarimhaber.com\/index.php?rest_route=\/wp\/v2\/posts\/3376","targetHints":{"allow":["GET"]}}],"collection":[{"href":"https:\/\/tarimhaber.com\/index.php?rest_route=\/wp\/v2\/posts"}],"about":[{"href":"https:\/\/tarimhaber.com\/index.php?rest_route=\/wp\/v2\/types\/post"}],"author":[{"embeddable":true,"href":"https:\/\/tarimhaber.com\/index.php?rest_route=\/wp\/v2\/users\/1"}],"replies":[{"embeddable":true,"href":"https:\/\/tarimhaber.com\/index.php?rest_route=%2Fwp%2Fv2%2Fcomments&post=3376"}],"version-history":[{"count":0,"href":"https:\/\/tarimhaber.com\/index.php?rest_route=\/wp\/v2\/posts\/3376\/revisions"}],"wp:attachment":[{"href":"https:\/\/tarimhaber.com\/index.php?rest_route=%2Fwp%2Fv2%2Fmedia&parent=3376"}],"wp:term":[{"taxonomy":"category","embeddable":true,"href":"https:\/\/tarimhaber.com\/index.php?rest_route=%2Fwp%2Fv2%2Fcategories&post=3376"},{"taxonomy":"post_tag","embeddable":true,"href":"https:\/\/tarimhaber.com\/index.php?rest_route=%2Fwp%2Fv2%2Ftags&post=3376"}],"curies":[{"name":"wp","href":"https:\/\/api.w.org\/{rel}","templated":true}]}}