{"id":3377,"date":"2011-08-15T09:15:24","date_gmt":"2011-08-15T09:15:24","guid":{"rendered":"http:\/\/tarimhaber.com\/?p=3377"},"modified":"2011-08-15T09:15:24","modified_gmt":"2011-08-15T09:15:24","slug":"tarim-reform-kapandi-ama","status":"publish","type":"post","link":"https:\/\/tarimhaber.com\/?p=3377","title":{"rendered":"Tar\u0131m Reform Kapand\u0131 ama&#8230;"},"content":{"rendered":"<p>Tar\u0131m ve K\u00f6y \u0131\u015fleri Bakanl\u0131\u011f\u0131n\u0131n yeniden yap\u0131land\u0131r\u0131larak G\u0131da Tar\u0131m ve Hayvanc\u0131l\u0131k Bakanl\u0131\u011f\u0131na d\u00f6n\u00fc\u015fmesiyle birlikte Tar\u0131m Reform Genel M\u00fcd\u00fcrl\u00fckleri kapand\u0131. Tar\u0131m Reform`un illerdeki m\u00fcd\u00fcrl\u00fckleri ise Tar\u0131m \u0131l M\u00fcd\u00fcrl\u00fckleri ile ayn\u0131 \u00e7at\u0131 alt\u0131nda &#8230;<\/p>\n","protected":false},"excerpt":{"rendered":"<p>Tar\u0131m ve K\u00f6y \u0131\u015fleri Bakanl\u0131\u011f\u0131n\u0131n yeniden yap\u0131land\u0131r\u0131larak G\u0131da Tar\u0131m ve Hayvanc\u0131l\u0131k Bakanl\u0131\u011f\u0131na d\u00f6n\u00fc\u015fmesiyle birlikte Tar\u0131m Reform Genel M\u00fcd\u00fcrl\u00fckleri kapand\u0131. Tar\u0131m Reform`un illerdeki m\u00fcd\u00fcrl\u00fckleri ise Tar\u0131m \u0131l M\u00fcd\u00fcrl\u00fckleri ile ayn\u0131 \u00e7at\u0131&hellip;<\/p>\n","protected":false},"author":1,"featured_media":0,"comment_status":"open","ping_status":"open","sticky":false,"template":"","format":"standard","meta":{"footnotes":""},"categories":[2],"tags":[3107],"class_list":["post-3377","post","type-post","status-publish","format-standard","hentry","category-tarimgentr","tag-http-www-sanliurfa-com-haber36597-tarim-reform-kapandi-ama-htm"],"_links":{"self":[{"href":"https:\/\/tarimhaber.com\/index.php?rest_route=\/wp\/v2\/posts\/3377","targetHints":{"allow":["GET"]}}],"collection":[{"href":"https:\/\/tarimhaber.com\/index.php?rest_route=\/wp\/v2\/posts"}],"about":[{"href":"https:\/\/tarimhaber.com\/index.php?rest_route=\/wp\/v2\/types\/post"}],"author":[{"embeddable":true,"href":"https:\/\/tarimhaber.com\/index.php?rest_route=\/wp\/v2\/users\/1"}],"replies":[{"embeddable":true,"href":"https:\/\/tarimhaber.com\/index.php?rest_route=%2Fwp%2Fv2%2Fcomments&post=3377"}],"version-history":[{"count":0,"href":"https:\/\/tarimhaber.com\/index.php?rest_route=\/wp\/v2\/posts\/3377\/revisions"}],"wp:attachment":[{"href":"https:\/\/tarimhaber.com\/index.php?rest_route=%2Fwp%2Fv2%2Fmedia&parent=3377"}],"wp:term":[{"taxonomy":"category","embeddable":true,"href":"https:\/\/tarimhaber.com\/index.php?rest_route=%2Fwp%2Fv2%2Fcategories&post=3377"},{"taxonomy":"post_tag","embeddable":true,"href":"https:\/\/tarimhaber.com\/index.php?rest_route=%2Fwp%2Fv2%2Ftags&post=3377"}],"curies":[{"name":"wp","href":"https:\/\/api.w.org\/{rel}","templated":true}]}}