{"id":3380,"date":"2011-08-17T09:21:16","date_gmt":"2011-08-17T09:21:16","guid":{"rendered":"http:\/\/tarimhaber.com\/?p=3380"},"modified":"2011-08-17T09:21:16","modified_gmt":"2011-08-17T09:21:16","slug":"afrikaya-devlet-yardimi","status":"publish","type":"post","link":"https:\/\/tarimhaber.com\/?p=3380","title":{"rendered":"Afrika`ya devlet yard\u0131m\u0131"},"content":{"rendered":"<p>Ba\u015fta Somali olmak \u00fczere Afrika k\u0131tas\u0131n\u0131n do\u011fusunda ya\u015fanan kurakl\u0131k afetinden zarar g\u00f6ren afetzedelere yard\u0131m amac\u0131yla, Toprak Mahsulleri Ofisi Genel M\u00fcd\u00fcrl\u00fc\u011f\u00fc (TMO), 50.000 ton ekmeklik bu\u011fday kar\u015f\u0131l\u0131\u011f\u0131 unu hibe ile g\u00f6revlendirildi.<br \/>\nKonuya ili\u015fkin 2011\/2148 say\u0131l\u0131 Bakanlar Kurulu Karar\u0131 Resmi Gazete\u2019nin bug\u00fcnk\u00fc (17 A\u011fustos 2011) say\u0131s\u0131nda yay\u0131mlanarak y\u00fcr\u00fcrl\u00fc\u011fe girdi.<br \/>\nKarara g\u00f6re TMO\u2019nun temin edece\u011fi ekmeklik bu\u011fday unu, afetzedelere ula\u015ft\u0131r\u0131lmak \u00fczere T\u00fcrk K\u0131z\u0131lay\u2019\u0131na teslim edilecek, T\u00fcrk K\u0131z\u0131lay\u2019\u0131 afetzedelerin bulundu\u011fu \u00fclkelerin K\u0131z\u0131lay te\u015fkilat\u0131 ve\/veya di\u011fer kurum ve kurulu\u015flar\u0131yla i\u015fbirli\u011fi halinde ekmeklik bu\u011fday ununun nakliyesini ve da\u011f\u0131t\u0131m\u0131n\u0131 ger\u00e7ekle\u015ftirecek.<br \/>\nBu Karar kapsam\u0131ndaki mal bedeli g\u00f6rev zarar\u0131 say\u0131lacak ve Hazine\u2019ce kar\u015f\u0131lanacak.<\/p>\n","protected":false},"excerpt":{"rendered":"<p>Ba\u015fta Somali olmak \u00fczere Afrika k\u0131tas\u0131n\u0131n do\u011fusunda ya\u015fanan kurakl\u0131k afetinden zarar g\u00f6ren afetzedelere yard\u0131m amac\u0131yla, Toprak Mahsulleri Ofisi Genel M\u00fcd\u00fcrl\u00fc\u011f\u00fc (TMO), 50.000 ton ekmeklik bu\u011fday kar\u015f\u0131l\u0131\u011f\u0131 unu hibe ile g\u00f6revlendirildi.&hellip;<\/p>\n","protected":false},"author":1,"featured_media":0,"comment_status":"open","ping_status":"open","sticky":false,"template":"","format":"standard","meta":{"footnotes":""},"categories":[2],"tags":[2981],"class_list":["post-3380","post","type-post","status-publish","format-standard","hentry","category-tarimgentr","tag-http-www-resmigazete-gov-tr-eskiler-2011-08-20110817-htm"],"_links":{"self":[{"href":"https:\/\/tarimhaber.com\/index.php?rest_route=\/wp\/v2\/posts\/3380","targetHints":{"allow":["GET"]}}],"collection":[{"href":"https:\/\/tarimhaber.com\/index.php?rest_route=\/wp\/v2\/posts"}],"about":[{"href":"https:\/\/tarimhaber.com\/index.php?rest_route=\/wp\/v2\/types\/post"}],"author":[{"embeddable":true,"href":"https:\/\/tarimhaber.com\/index.php?rest_route=\/wp\/v2\/users\/1"}],"replies":[{"embeddable":true,"href":"https:\/\/tarimhaber.com\/index.php?rest_route=%2Fwp%2Fv2%2Fcomments&post=3380"}],"version-history":[{"count":0,"href":"https:\/\/tarimhaber.com\/index.php?rest_route=\/wp\/v2\/posts\/3380\/revisions"}],"wp:attachment":[{"href":"https:\/\/tarimhaber.com\/index.php?rest_route=%2Fwp%2Fv2%2Fmedia&parent=3380"}],"wp:term":[{"taxonomy":"category","embeddable":true,"href":"https:\/\/tarimhaber.com\/index.php?rest_route=%2Fwp%2Fv2%2Fcategories&post=3380"},{"taxonomy":"post_tag","embeddable":true,"href":"https:\/\/tarimhaber.com\/index.php?rest_route=%2Fwp%2Fv2%2Ftags&post=3380"}],"curies":[{"name":"wp","href":"https:\/\/api.w.org\/{rel}","templated":true}]}}