{"id":3385,"date":"2011-08-17T06:04:27","date_gmt":"2011-08-17T06:04:27","guid":{"rendered":"http:\/\/tarimhaber.com\/?p=3385"},"modified":"2011-08-17T06:04:27","modified_gmt":"2011-08-17T06:04:27","slug":"ankaranin-basayas-mahallesi-sarbon-karantinasina-alindi-yolda","status":"publish","type":"post","link":"https:\/\/tarimhaber.com\/?p=3385","title":{"rendered":"Ankara`n\u0131n Ba\u015faya\u015f Mahallesi, \u015farbon karantinas\u0131na al\u0131nd\u0131. Yolda &#8230;"},"content":{"rendered":"<p>Ba\u015fkent Ankara`ya 50 kilometre uzakl\u0131ktaki Aya\u015f il\u00e7esi`ne ba\u011fl\u0131 Ba\u015faya\u015f Mahallesi`nde, pe\u015fpe\u015fe ya\u015fanan hayvan \u00f6l\u00fcmleri mahalle sakinleri aras\u0131nda pani\u011fe yol a\u00e7t\u0131. \u00d6l\u00fcmlerin ard\u0131 arkas\u0131 kesilmeyince durum, mahalle muhtar\u0131 taraf\u0131ndan \u0131l Sa\u011fl\u0131k M\u00fcd\u00fcrl\u00fc\u011f\u00fc`ne bildirildi. B\u00f6lgeye gelen Etlik Veteriner Ara\u015ft\u0131rma Merkezi yetkilileri toplad\u0131klar\u0131 hayvan le\u015fleri \u00fczerinde yapt\u0131klar\u0131 incelemede \u015farbon mikrobu tesbit etti. Bunun \u00fczerine alarma ge\u00e7en \u0131l Tar\u0131m M\u00fcd\u00fcrl\u00fc\u011f\u00fc, mahalleyi hemen karantinaya ald\u0131.<\/p>\n","protected":false},"excerpt":{"rendered":"<p>Ba\u015fkent Ankara`ya 50 kilometre uzakl\u0131ktaki Aya\u015f il\u00e7esi`ne ba\u011fl\u0131 Ba\u015faya\u015f Mahallesi`nde, pe\u015fpe\u015fe ya\u015fanan hayvan \u00f6l\u00fcmleri mahalle sakinleri aras\u0131nda pani\u011fe yol a\u00e7t\u0131. \u00d6l\u00fcmlerin ard\u0131 arkas\u0131 kesilmeyince durum, mahalle muhtar\u0131 taraf\u0131ndan \u0131l Sa\u011fl\u0131k&hellip;<\/p>\n","protected":false},"author":1,"featured_media":3386,"comment_status":"open","ping_status":"open","sticky":false,"template":"","format":"standard","meta":{"footnotes":""},"categories":[2],"tags":[3214],"class_list":["post-3385","post","type-post","status-publish","format-standard","has-post-thumbnail","hentry","category-tarimgentr","tag-http-www-takvim-com-tr-guncel-2011-08-17-sarbon-panigi"],"_links":{"self":[{"href":"https:\/\/tarimhaber.com\/index.php?rest_route=\/wp\/v2\/posts\/3385","targetHints":{"allow":["GET"]}}],"collection":[{"href":"https:\/\/tarimhaber.com\/index.php?rest_route=\/wp\/v2\/posts"}],"about":[{"href":"https:\/\/tarimhaber.com\/index.php?rest_route=\/wp\/v2\/types\/post"}],"author":[{"embeddable":true,"href":"https:\/\/tarimhaber.com\/index.php?rest_route=\/wp\/v2\/users\/1"}],"replies":[{"embeddable":true,"href":"https:\/\/tarimhaber.com\/index.php?rest_route=%2Fwp%2Fv2%2Fcomments&post=3385"}],"version-history":[{"count":0,"href":"https:\/\/tarimhaber.com\/index.php?rest_route=\/wp\/v2\/posts\/3385\/revisions"}],"wp:featuredmedia":[{"embeddable":true,"href":"https:\/\/tarimhaber.com\/index.php?rest_route=\/wp\/v2\/media\/3386"}],"wp:attachment":[{"href":"https:\/\/tarimhaber.com\/index.php?rest_route=%2Fwp%2Fv2%2Fmedia&parent=3385"}],"wp:term":[{"taxonomy":"category","embeddable":true,"href":"https:\/\/tarimhaber.com\/index.php?rest_route=%2Fwp%2Fv2%2Fcategories&post=3385"},{"taxonomy":"post_tag","embeddable":true,"href":"https:\/\/tarimhaber.com\/index.php?rest_route=%2Fwp%2Fv2%2Ftags&post=3385"}],"curies":[{"name":"wp","href":"https:\/\/api.w.org\/{rel}","templated":true}]}}