{"id":3394,"date":"2011-08-21T13:49:56","date_gmt":"2011-08-21T13:49:56","guid":{"rendered":"http:\/\/tarimhaber.com\/?p=3394"},"modified":"2011-08-21T13:49:56","modified_gmt":"2011-08-21T13:49:56","slug":"uretimden-sonta-ihracati-da-basladi","status":"publish","type":"post","link":"https:\/\/tarimhaber.com\/?p=3394","title":{"rendered":"\u00dcretimden sonta ihracat\u0131 da ba\u015flad\u0131"},"content":{"rendered":"<p>Minyat\u00fcr sebze ve meyve \u00fcr\u00fcnleri ile farkl\u0131 tatlar sunan Antalya firmas\u0131 Er\u00fcst Tar\u0131m, minyat\u00fcr karpuz ve minyat\u00fcr kavun t\u00fcrlerini de piyasaya \u00e7\u0131kard\u0131. Kadriye`de 350, Gebiz`de 400 d\u00f6n\u00fcm sera, Korkuteli`nde ise 600 d\u00f6n\u00fcm a\u00e7\u0131k alanda 150`ye yak\u0131n \u00e7e\u015fitte &#8230;<\/p>\n","protected":false},"excerpt":{"rendered":"<p>Minyat\u00fcr sebze ve meyve \u00fcr\u00fcnleri ile farkl\u0131 tatlar sunan Antalya firmas\u0131 Er\u00fcst Tar\u0131m, minyat\u00fcr karpuz ve minyat\u00fcr kavun t\u00fcrlerini de piyasaya \u00e7\u0131kard\u0131. Kadriye`de 350, Gebiz`de 400 d\u00f6n\u00fcm sera, Korkuteli`nde ise&hellip;<\/p>\n","protected":false},"author":1,"featured_media":0,"comment_status":"open","ping_status":"open","sticky":false,"template":"","format":"standard","meta":{"footnotes":""},"categories":[2],"tags":[243],"class_list":["post-3394","post","type-post","status-publish","format-standard","hentry","category-tarimgentr","tag-http-ekonomi-milliyet-com-tr-uretimden-sonta-ihracati-da-basladi-ekonomi-ekonomidetay-21-08-2011-1429572-default-htm"],"_links":{"self":[{"href":"https:\/\/tarimhaber.com\/index.php?rest_route=\/wp\/v2\/posts\/3394","targetHints":{"allow":["GET"]}}],"collection":[{"href":"https:\/\/tarimhaber.com\/index.php?rest_route=\/wp\/v2\/posts"}],"about":[{"href":"https:\/\/tarimhaber.com\/index.php?rest_route=\/wp\/v2\/types\/post"}],"author":[{"embeddable":true,"href":"https:\/\/tarimhaber.com\/index.php?rest_route=\/wp\/v2\/users\/1"}],"replies":[{"embeddable":true,"href":"https:\/\/tarimhaber.com\/index.php?rest_route=%2Fwp%2Fv2%2Fcomments&post=3394"}],"version-history":[{"count":0,"href":"https:\/\/tarimhaber.com\/index.php?rest_route=\/wp\/v2\/posts\/3394\/revisions"}],"wp:attachment":[{"href":"https:\/\/tarimhaber.com\/index.php?rest_route=%2Fwp%2Fv2%2Fmedia&parent=3394"}],"wp:term":[{"taxonomy":"category","embeddable":true,"href":"https:\/\/tarimhaber.com\/index.php?rest_route=%2Fwp%2Fv2%2Fcategories&post=3394"},{"taxonomy":"post_tag","embeddable":true,"href":"https:\/\/tarimhaber.com\/index.php?rest_route=%2Fwp%2Fv2%2Ftags&post=3394"}],"curies":[{"name":"wp","href":"https:\/\/api.w.org\/{rel}","templated":true}]}}