{"id":3406,"date":"2011-08-28T16:52:51","date_gmt":"2011-08-28T16:52:51","guid":{"rendered":"http:\/\/tarimhaber.com\/?p=3406"},"modified":"2011-08-28T16:52:51","modified_gmt":"2011-08-28T16:52:51","slug":"gida-ve-tarim-bakanligina-iliskin-kararnameden-azinlik-vakiflari-duzenlemesi-cikti","status":"publish","type":"post","link":"https:\/\/tarimhaber.com\/?p=3406","title":{"rendered":"G\u0131da ve Tar\u0131m Bakanl\u0131\u011f\u0131`na ili\u015fkin kararnameden, az\u0131nl\u0131k vak\u0131flar\u0131 d\u00fczenlemesi \u00e7\u0131kt\u0131:"},"content":{"rendered":"<p>ANKARA- G\u0131da ve Tar\u0131m Bakanl\u0131\u011f\u0131\u2019n\u0131n te\u015fkilatlar\u0131n\u0131 d\u00fczenleyen kararnameden \u2018az\u0131nl\u0131k vak\u0131flar\u0131\u2019 s\u00fcrprizi \u00e7\u0131kt\u0131. Resmi Gazete\u2019de d\u00fcn yay\u0131mlanan kararnamede, cemaat vak\u0131flar\u0131n\u0131n ta\u015f\u0131nmazlar\u0131n\u0131n iadesine ili\u015fkin \u00f6nemli bir d\u00fczenleme yap\u0131ld\u0131. Cemaat vak\u0131flar\u0131na mal iadesinin kapsam\u0131 2008 y\u0131l\u0131nda \u00e7\u0131kar\u0131lan yasaya g\u00f6re geni\u015fletildi. Cemaat vak\u0131flar\u0131n\u0131n \u00fc\u00e7\u00fcnc\u00fc ki\u015filere sat\u0131lan ta\u015f\u0131nmazlar\u0131n\u0131n bedelleri de sahiplerine verilecek. <\/p>\n<p>Kapsam geni\u015fledi<\/p>\n","protected":false},"excerpt":{"rendered":"<p>ANKARA- G\u0131da ve Tar\u0131m Bakanl\u0131\u011f\u0131\u2019n\u0131n te\u015fkilatlar\u0131n\u0131 d\u00fczenleyen kararnameden \u2018az\u0131nl\u0131k vak\u0131flar\u0131\u2019 s\u00fcrprizi \u00e7\u0131kt\u0131. Resmi Gazete\u2019de d\u00fcn yay\u0131mlanan kararnamede, cemaat vak\u0131flar\u0131n\u0131n ta\u015f\u0131nmazlar\u0131n\u0131n iadesine ili\u015fkin \u00f6nemli bir d\u00fczenleme yap\u0131ld\u0131. Cemaat vak\u0131flar\u0131na mal iadesinin&hellip;<\/p>\n","protected":false},"author":1,"featured_media":3407,"comment_status":"open","ping_status":"open","sticky":false,"template":"","format":"standard","meta":{"footnotes":""},"categories":[2],"tags":[2907],"class_list":["post-3406","post","type-post","status-publish","format-standard","has-post-thumbnail","hentry","category-tarimgentr","tag-http-www-radikal-com-tr-radikal-aspxatyperadikaleklerdetayv3datearticleid1061604categoryid78"],"_links":{"self":[{"href":"https:\/\/tarimhaber.com\/index.php?rest_route=\/wp\/v2\/posts\/3406","targetHints":{"allow":["GET"]}}],"collection":[{"href":"https:\/\/tarimhaber.com\/index.php?rest_route=\/wp\/v2\/posts"}],"about":[{"href":"https:\/\/tarimhaber.com\/index.php?rest_route=\/wp\/v2\/types\/post"}],"author":[{"embeddable":true,"href":"https:\/\/tarimhaber.com\/index.php?rest_route=\/wp\/v2\/users\/1"}],"replies":[{"embeddable":true,"href":"https:\/\/tarimhaber.com\/index.php?rest_route=%2Fwp%2Fv2%2Fcomments&post=3406"}],"version-history":[{"count":0,"href":"https:\/\/tarimhaber.com\/index.php?rest_route=\/wp\/v2\/posts\/3406\/revisions"}],"wp:featuredmedia":[{"embeddable":true,"href":"https:\/\/tarimhaber.com\/index.php?rest_route=\/wp\/v2\/media\/3407"}],"wp:attachment":[{"href":"https:\/\/tarimhaber.com\/index.php?rest_route=%2Fwp%2Fv2%2Fmedia&parent=3406"}],"wp:term":[{"taxonomy":"category","embeddable":true,"href":"https:\/\/tarimhaber.com\/index.php?rest_route=%2Fwp%2Fv2%2Fcategories&post=3406"},{"taxonomy":"post_tag","embeddable":true,"href":"https:\/\/tarimhaber.com\/index.php?rest_route=%2Fwp%2Fv2%2Ftags&post=3406"}],"curies":[{"name":"wp","href":"https:\/\/api.w.org\/{rel}","templated":true}]}}