{"id":3420,"date":"2011-09-17T14:00:41","date_gmt":"2011-09-17T14:00:41","guid":{"rendered":"http:\/\/tarimhaber.com\/?p=3420"},"modified":"2011-09-17T14:00:41","modified_gmt":"2011-09-17T14:00:41","slug":"tarim-iscilerine-mobil-karavanlar","status":"publish","type":"post","link":"https:\/\/tarimhaber.com\/?p=3420","title":{"rendered":"Tar\u0131m I\u015f\u00e7ilerine `Mobil Karavanlar`"},"content":{"rendered":"<p>Valilik Bas\u0131n B\u00fcrosu`ndan yap\u0131lan yaz\u0131l\u0131 a\u00e7\u0131klamada, yap\u0131m\u0131 tamamlanan mobil karavanlarla Mersin`deki tar\u0131m i\u015f\u00e7ilerinin zor ya\u015fam ko\u015fullar\u0131n\u0131n sona erece\u011fi bildirildi. Valilik koordinesinde ger\u00e7ekle\u015ftirilen \u00e7al\u0131\u015fmayla T\u0131rm\u0131l Sanayi Sitesi`nde yap\u0131m\u0131 &#8230;<\/p>\n","protected":false},"excerpt":{"rendered":"<p>Valilik Bas\u0131n B\u00fcrosu`ndan yap\u0131lan yaz\u0131l\u0131 a\u00e7\u0131klamada, yap\u0131m\u0131 tamamlanan mobil karavanlarla Mersin`deki tar\u0131m i\u015f\u00e7ilerinin zor ya\u015fam ko\u015fullar\u0131n\u0131n sona erece\u011fi bildirildi. Valilik koordinesinde ger\u00e7ekle\u015ftirilen \u00e7al\u0131\u015fmayla T\u0131rm\u0131l Sanayi Sitesi`nde yap\u0131m\u0131 &#8230;<\/p>\n","protected":false},"author":1,"featured_media":0,"comment_status":"open","ping_status":"open","sticky":false,"template":"","format":"standard","meta":{"footnotes":""},"categories":[2],"tags":[1964],"class_list":["post-3420","post","type-post","status-publish","format-standard","hentry","category-tarimgentr","tag-http-www-haberler-com-tarim-iscilerine-mobil-karavanlar-2998490-haberi"],"_links":{"self":[{"href":"https:\/\/tarimhaber.com\/index.php?rest_route=\/wp\/v2\/posts\/3420","targetHints":{"allow":["GET"]}}],"collection":[{"href":"https:\/\/tarimhaber.com\/index.php?rest_route=\/wp\/v2\/posts"}],"about":[{"href":"https:\/\/tarimhaber.com\/index.php?rest_route=\/wp\/v2\/types\/post"}],"author":[{"embeddable":true,"href":"https:\/\/tarimhaber.com\/index.php?rest_route=\/wp\/v2\/users\/1"}],"replies":[{"embeddable":true,"href":"https:\/\/tarimhaber.com\/index.php?rest_route=%2Fwp%2Fv2%2Fcomments&post=3420"}],"version-history":[{"count":0,"href":"https:\/\/tarimhaber.com\/index.php?rest_route=\/wp\/v2\/posts\/3420\/revisions"}],"wp:attachment":[{"href":"https:\/\/tarimhaber.com\/index.php?rest_route=%2Fwp%2Fv2%2Fmedia&parent=3420"}],"wp:term":[{"taxonomy":"category","embeddable":true,"href":"https:\/\/tarimhaber.com\/index.php?rest_route=%2Fwp%2Fv2%2Fcategories&post=3420"},{"taxonomy":"post_tag","embeddable":true,"href":"https:\/\/tarimhaber.com\/index.php?rest_route=%2Fwp%2Fv2%2Ftags&post=3420"}],"curies":[{"name":"wp","href":"https:\/\/api.w.org\/{rel}","templated":true}]}}