{"id":3421,"date":"2011-09-17T00:05:39","date_gmt":"2011-09-17T00:05:39","guid":{"rendered":"http:\/\/tarimhaber.com\/?p=3421"},"modified":"2011-09-17T00:05:39","modified_gmt":"2011-09-17T00:05:39","slug":"tarim-disi-issizlik-temmuzda-dusebilir","status":"publish","type":"post","link":"https:\/\/tarimhaber.com\/?p=3421","title":{"rendered":"Tar\u0131m d\u0131\u015f\u0131 i\u015fsizlik temmuzda d\u00fc\u015febilir"},"content":{"rendered":"<p>Betam tar\u0131m istatistiklerindeki oynakl\u0131k nedeniyle tar\u0131m d\u0131\u015f\u0131 istihdam\u0131 g\u00f6sterge al\u0131yor. `Haziran 2011`de tar\u0131m d\u0131\u015f\u0131 i\u015fsizlik y\u00fczde 11,9`a geriledi. Mevsim etkilerinden ar\u0131nd\u0131r\u0131lm\u0131\u015f i\u015fsizlik oran\u0131 ise y\u00fczde 13,2`yle yatay seyretti. &#8230;<\/p>\n","protected":false},"excerpt":{"rendered":"<p>Betam tar\u0131m istatistiklerindeki oynakl\u0131k nedeniyle tar\u0131m d\u0131\u015f\u0131 istihdam\u0131 g\u00f6sterge al\u0131yor. `Haziran 2011`de tar\u0131m d\u0131\u015f\u0131 i\u015fsizlik y\u00fczde 11,9`a geriledi. Mevsim etkilerinden ar\u0131nd\u0131r\u0131lm\u0131\u015f i\u015fsizlik oran\u0131 ise y\u00fczde 13,2`yle yatay seyretti. &#8230;<\/p>\n","protected":false},"author":1,"featured_media":0,"comment_status":"open","ping_status":"open","sticky":false,"template":"","format":"standard","meta":{"footnotes":""},"categories":[2],"tags":[540],"class_list":["post-3421","post","type-post","status-publish","format-standard","hentry","category-tarimgentr","tag-http-www-aksam-com-tr-tarim-disi-issizlik-temmuzda-dusebilir-3807y-html"],"_links":{"self":[{"href":"https:\/\/tarimhaber.com\/index.php?rest_route=\/wp\/v2\/posts\/3421","targetHints":{"allow":["GET"]}}],"collection":[{"href":"https:\/\/tarimhaber.com\/index.php?rest_route=\/wp\/v2\/posts"}],"about":[{"href":"https:\/\/tarimhaber.com\/index.php?rest_route=\/wp\/v2\/types\/post"}],"author":[{"embeddable":true,"href":"https:\/\/tarimhaber.com\/index.php?rest_route=\/wp\/v2\/users\/1"}],"replies":[{"embeddable":true,"href":"https:\/\/tarimhaber.com\/index.php?rest_route=%2Fwp%2Fv2%2Fcomments&post=3421"}],"version-history":[{"count":0,"href":"https:\/\/tarimhaber.com\/index.php?rest_route=\/wp\/v2\/posts\/3421\/revisions"}],"wp:attachment":[{"href":"https:\/\/tarimhaber.com\/index.php?rest_route=%2Fwp%2Fv2%2Fmedia&parent=3421"}],"wp:term":[{"taxonomy":"category","embeddable":true,"href":"https:\/\/tarimhaber.com\/index.php?rest_route=%2Fwp%2Fv2%2Fcategories&post=3421"},{"taxonomy":"post_tag","embeddable":true,"href":"https:\/\/tarimhaber.com\/index.php?rest_route=%2Fwp%2Fv2%2Ftags&post=3421"}],"curies":[{"name":"wp","href":"https:\/\/api.w.org\/{rel}","templated":true}]}}