{"id":3423,"date":"2011-09-17T07:37:31","date_gmt":"2011-09-17T07:37:31","guid":{"rendered":"http:\/\/tarimhaber.com\/?p=3423"},"modified":"2011-09-17T07:37:31","modified_gmt":"2011-09-17T07:37:31","slug":"tarim-bakan-yardimciligina-kudbettin-arzu-atandi","status":"publish","type":"post","link":"https:\/\/tarimhaber.com\/?p=3423","title":{"rendered":"Tar\u0131m Bakan Yard\u0131mc\u0131l\u0131\u011f\u0131na Kudbettin Arzu atand\u0131"},"content":{"rendered":"<p>G\u0131da Tar\u0131m ve Hayvanc\u0131l\u0131k Bakanl\u0131\u011f\u0131`na Bakan Yard\u0131mc\u0131l\u0131\u011f\u0131 g\u00f6revine Kutbettin Arzu getirildi. Eski AK Parti Diyarbak\u0131r Milletvekili Arzu, ayn\u0131 zamanda Diyarbak\u0131r B\u00fcy\u00fck\u015fehir Belediye Ba\u015fkan\u0131 aday\u0131 olan Arzu, yeni d\u00f6nemde Bakan Yard\u0131mc\u0131s\u0131 olarak g\u00f6rev yapacak.<\/p>\n","protected":false},"excerpt":{"rendered":"<p>G\u0131da Tar\u0131m ve Hayvanc\u0131l\u0131k Bakanl\u0131\u011f\u0131`na Bakan Yard\u0131mc\u0131l\u0131\u011f\u0131 g\u00f6revine Kutbettin Arzu getirildi. Eski AK Parti Diyarbak\u0131r Milletvekili Arzu, ayn\u0131 zamanda Diyarbak\u0131r B\u00fcy\u00fck\u015fehir Belediye Ba\u015fkan\u0131 aday\u0131 olan Arzu, yeni d\u00f6nemde Bakan Yard\u0131mc\u0131s\u0131&hellip;<\/p>\n","protected":false},"author":1,"featured_media":3424,"comment_status":"open","ping_status":"open","sticky":false,"template":"","format":"standard","meta":{"footnotes":""},"categories":[2],"tags":[3282],"class_list":["post-3423","post","type-post","status-publish","format-standard","has-post-thumbnail","hentry","category-tarimgentr","tag-http-www-timeturk-com-tr-2011-09-17-tarim-bakan-yardimciligina-kudbettin-arzu-atandi-html"],"_links":{"self":[{"href":"https:\/\/tarimhaber.com\/index.php?rest_route=\/wp\/v2\/posts\/3423","targetHints":{"allow":["GET"]}}],"collection":[{"href":"https:\/\/tarimhaber.com\/index.php?rest_route=\/wp\/v2\/posts"}],"about":[{"href":"https:\/\/tarimhaber.com\/index.php?rest_route=\/wp\/v2\/types\/post"}],"author":[{"embeddable":true,"href":"https:\/\/tarimhaber.com\/index.php?rest_route=\/wp\/v2\/users\/1"}],"replies":[{"embeddable":true,"href":"https:\/\/tarimhaber.com\/index.php?rest_route=%2Fwp%2Fv2%2Fcomments&post=3423"}],"version-history":[{"count":0,"href":"https:\/\/tarimhaber.com\/index.php?rest_route=\/wp\/v2\/posts\/3423\/revisions"}],"wp:featuredmedia":[{"embeddable":true,"href":"https:\/\/tarimhaber.com\/index.php?rest_route=\/wp\/v2\/media\/3424"}],"wp:attachment":[{"href":"https:\/\/tarimhaber.com\/index.php?rest_route=%2Fwp%2Fv2%2Fmedia&parent=3423"}],"wp:term":[{"taxonomy":"category","embeddable":true,"href":"https:\/\/tarimhaber.com\/index.php?rest_route=%2Fwp%2Fv2%2Fcategories&post=3423"},{"taxonomy":"post_tag","embeddable":true,"href":"https:\/\/tarimhaber.com\/index.php?rest_route=%2Fwp%2Fv2%2Ftags&post=3423"}],"curies":[{"name":"wp","href":"https:\/\/api.w.org\/{rel}","templated":true}]}}