{"id":3427,"date":"2011-09-18T11:14:28","date_gmt":"2011-09-18T11:14:28","guid":{"rendered":"http:\/\/tarimhaber.com\/?p=3427"},"modified":"2011-09-18T11:14:28","modified_gmt":"2011-09-18T11:14:28","slug":"vekil-olamadi-bakan-yardimcisi-olarak-vekillerin-onune-gecti","status":"publish","type":"post","link":"https:\/\/tarimhaber.com\/?p=3427","title":{"rendered":"Vekil olamad\u0131, Bakan Yard\u0131mc\u0131s\u0131 olarak vekillerin \u00f6n\u00fcne ge\u00e7ti"},"content":{"rendered":"<p>G\u0131da, Tar\u0131m ve Hayvanc\u0131l\u0131k Bakan Yard\u0131mc\u0131s\u0131 olarak atanan Diyarbak\u0131r eski Milletvekili Kutbettin Arzu, ilk resmi programda protokoldeki yerini ald\u0131. Ge\u00e7en y\u0131l yap\u0131lan se\u00e7imlerde milletvekili aday\u0131 yap\u0131lmayan, ancak Bakan Yard\u0131mc\u0131s\u0131 olarak atanan &#8230;<\/p>\n","protected":false},"excerpt":{"rendered":"<p>G\u0131da, Tar\u0131m ve Hayvanc\u0131l\u0131k Bakan Yard\u0131mc\u0131s\u0131 olarak atanan Diyarbak\u0131r eski Milletvekili Kutbettin Arzu, ilk resmi programda protokoldeki yerini ald\u0131. Ge\u00e7en y\u0131l yap\u0131lan se\u00e7imlerde milletvekili aday\u0131 yap\u0131lmayan, ancak Bakan Yard\u0131mc\u0131s\u0131 olarak&hellip;<\/p>\n","protected":false},"author":1,"featured_media":0,"comment_status":"open","ping_status":"open","sticky":false,"template":"","format":"standard","meta":{"footnotes":""},"categories":[2],"tags":[2419],"class_list":["post-3427","post","type-post","status-publish","format-standard","hentry","category-tarimgentr","tag-http-www-hurriyet-com-tr-gundem-18762349-asp"],"_links":{"self":[{"href":"https:\/\/tarimhaber.com\/index.php?rest_route=\/wp\/v2\/posts\/3427","targetHints":{"allow":["GET"]}}],"collection":[{"href":"https:\/\/tarimhaber.com\/index.php?rest_route=\/wp\/v2\/posts"}],"about":[{"href":"https:\/\/tarimhaber.com\/index.php?rest_route=\/wp\/v2\/types\/post"}],"author":[{"embeddable":true,"href":"https:\/\/tarimhaber.com\/index.php?rest_route=\/wp\/v2\/users\/1"}],"replies":[{"embeddable":true,"href":"https:\/\/tarimhaber.com\/index.php?rest_route=%2Fwp%2Fv2%2Fcomments&post=3427"}],"version-history":[{"count":0,"href":"https:\/\/tarimhaber.com\/index.php?rest_route=\/wp\/v2\/posts\/3427\/revisions"}],"wp:attachment":[{"href":"https:\/\/tarimhaber.com\/index.php?rest_route=%2Fwp%2Fv2%2Fmedia&parent=3427"}],"wp:term":[{"taxonomy":"category","embeddable":true,"href":"https:\/\/tarimhaber.com\/index.php?rest_route=%2Fwp%2Fv2%2Fcategories&post=3427"},{"taxonomy":"post_tag","embeddable":true,"href":"https:\/\/tarimhaber.com\/index.php?rest_route=%2Fwp%2Fv2%2Ftags&post=3427"}],"curies":[{"name":"wp","href":"https:\/\/api.w.org\/{rel}","templated":true}]}}