{"id":3452,"date":"2011-09-21T13:22:52","date_gmt":"2011-09-21T13:22:52","guid":{"rendered":"http:\/\/tarimhaber.com\/?p=3452"},"modified":"2011-09-21T13:22:52","modified_gmt":"2011-09-21T13:22:52","slug":"oecd-tarim-politikalarinda-reform-zamani","status":"publish","type":"post","link":"https:\/\/tarimhaber.com\/?p=3452","title":{"rendered":"OECD: Tar\u0131m politikalar\u0131nda reform zaman\u0131"},"content":{"rendered":"<p>Merkezi Paris`te bulunan Ekonomik \u0131\u015fbirli\u011fi ve Kalk\u0131nma \u00d6rg\u00fct\u00fc (OECD) taraf\u0131ndan yay\u0131nlanan raporda, &#8220;D\u00fcnyada ve yerel pazarlardaki tar\u0131m fiyatlar\u0131n\u0131n y\u00fcksekli\u011fi, tar\u0131m politikalar\u0131nda reforma gidilmesi konusunda bir f\u0131rsat olu\u015fturuyor&#8220; ifadesine yer verildi. Raporda, &#8220;tar\u0131m sekt\u00f6r\u00fcne do\u011frudan yapacaklar\u0131 yard\u0131m\u0131 azaltacak h\u00fck\u00fcmetlerin, g\u0131da fiyatlar\u0131n\u0131n a\u015f\u0131r\u0131 y\u00fcksek olmas\u0131 y\u00fcz\u00fcnden zor g\u00fcnler ge\u00e7iren, al\u0131m seviyesi d\u00fc\u015f\u00fck t\u00fcketicilere yard\u0131m i\u00e7in politikalar\u0131nda yeniden d\u00fczenlemeler yapabilecekleri&#8220; tavsiyesinde bulunuldu.<\/p>\n","protected":false},"excerpt":{"rendered":"<p>Merkezi Paris`te bulunan Ekonomik \u0131\u015fbirli\u011fi ve Kalk\u0131nma \u00d6rg\u00fct\u00fc (OECD) taraf\u0131ndan yay\u0131nlanan raporda, &#8220;D\u00fcnyada ve yerel pazarlardaki tar\u0131m fiyatlar\u0131n\u0131n y\u00fcksekli\u011fi, tar\u0131m politikalar\u0131nda reforma gidilmesi konusunda bir f\u0131rsat olu\u015fturuyor&#8220; ifadesine yer verildi.&hellip;<\/p>\n","protected":false},"author":1,"featured_media":0,"comment_status":"open","ping_status":"open","sticky":false,"template":"","format":"standard","meta":{"footnotes":""},"categories":[2],"tags":[1135],"class_list":["post-3452","post","type-post","status-publish","format-standard","hentry","category-tarimgentr","tag-http-www-haber7-com-haber-20110921-oecd-tarim-politikalarinda-reform-zamani-php"],"_links":{"self":[{"href":"https:\/\/tarimhaber.com\/index.php?rest_route=\/wp\/v2\/posts\/3452","targetHints":{"allow":["GET"]}}],"collection":[{"href":"https:\/\/tarimhaber.com\/index.php?rest_route=\/wp\/v2\/posts"}],"about":[{"href":"https:\/\/tarimhaber.com\/index.php?rest_route=\/wp\/v2\/types\/post"}],"author":[{"embeddable":true,"href":"https:\/\/tarimhaber.com\/index.php?rest_route=\/wp\/v2\/users\/1"}],"replies":[{"embeddable":true,"href":"https:\/\/tarimhaber.com\/index.php?rest_route=%2Fwp%2Fv2%2Fcomments&post=3452"}],"version-history":[{"count":0,"href":"https:\/\/tarimhaber.com\/index.php?rest_route=\/wp\/v2\/posts\/3452\/revisions"}],"wp:attachment":[{"href":"https:\/\/tarimhaber.com\/index.php?rest_route=%2Fwp%2Fv2%2Fmedia&parent=3452"}],"wp:term":[{"taxonomy":"category","embeddable":true,"href":"https:\/\/tarimhaber.com\/index.php?rest_route=%2Fwp%2Fv2%2Fcategories&post=3452"},{"taxonomy":"post_tag","embeddable":true,"href":"https:\/\/tarimhaber.com\/index.php?rest_route=%2Fwp%2Fv2%2Ftags&post=3452"}],"curies":[{"name":"wp","href":"https:\/\/api.w.org\/{rel}","templated":true}]}}